{"id":2733,"date":"2014-05-28T09:27:43","date_gmt":"2014-05-28T09:27:43","guid":{"rendered":"http:\/\/blogs.hoy.es\/senderosextremadura\/?p=2733"},"modified":"2014-05-28T09:27:43","modified_gmt":"2014-05-28T09:27:43","slug":"travesia-por-gredos-siguiendo-el-cauce-del-tormes-31-de-mayo","status":"publish","type":"post","link":"https:\/\/blogs.hoy.es\/senderosextremadura\/2014\/05\/28\/travesia-por-gredos-siguiendo-el-cauce-del-tormes-31-de-mayo\/","title":{"rendered":"Traves\u00eda por Gredos siguiendo el cauce del Tormes (31 y 1 de mayo)"},"content":{"rendered":"<p><a href=\"https:\/\/blogs.hoy.es\/senderosextremadura\/\"><img loading=\"lazy\" class=\"aligncenter  wp-image-2739\" title=\"\" src=\"\/senderosextremadura\/wp-content\/uploads\/sites\/22\/2014\/05\/gredos1.jpg\" alt=\"\" width=\"494\" height=\"370\" srcset=\"https:\/\/static-blogs.hoy.es\/wp-content\/uploads\/sites\/22\/2014\/05\/gredos1.jpg 760w, https:\/\/static-blogs.hoy.es\/wp-content\/uploads\/sites\/22\/2014\/05\/gredos1-300x225.jpg 300w, https:\/\/static-blogs.hoy.es\/wp-content\/uploads\/sites\/22\/2014\/05\/gredos1-600x450.jpg 600w\" sizes=\"(max-width: 494px) 100vw, 494px\" \/><\/a><\/p>\n<p>El <a href=\"http:\/\/www.clubcaminantebadajoz.com\/\" rel=\"external nofollow\"><strong>Club del Caminante de Badajoz<\/strong><\/a> ha organizado dos rutas por la <strong>Sierra de Gredos<\/strong> para este \u00faltimo fin de semana de mayo. La primera de ellas es\u00a0 una traves\u00eda de 10 kil\u00f3metros y dificultad baja. El autob\u00fas llevar\u00e1 a los caminantes durante unos metros por la carretera de la Nava hasta la altura del Centro Ecuestre. All\u00ed comenzar\u00e1 el camino siguiendo la indicaci\u00f3n de Gredos Centre, a la derecha de dicha carretera.<\/p>\n<p><!--more--><\/p>\n<p>Al llegar al primer cruce, tomar\u00e1n la pista de la izquierda, pues de frente llegar\u00edan hasta Gredos Centre, un centro de formaci\u00f3n en la naturaleza y campamentos juveniles. Desde aqu\u00ed y entre pinares obtendr\u00e1n unas hermosas vistas del <strong>Circo de Gredos.<\/strong><\/p>\n<p>Siguiendo siempre en sentido descendente a la senda, llegaran al r\u00edo Tormes, enlazando con el GR 10, gran recorrido que atraviesa la Pen\u00ednsula de Este a Oeste. Siguiendo a la derecha alcanzar\u00edan en pocos metros Las Chorreras del Tormes, lugar en el que se encajona el r\u00edo.<\/p>\n<p>El verdadero destino de esta ruta se encuentra a la izquierda. Transitar\u00e1n unos metros por una pista c\u00f3moda, aunque asfaltada, y que dejar\u00e1n\u00a0 luegop para bajar al r\u00edo y pasear por su ribera, disfrutando de sus aguas cristalinas y refrescantes. Tranquilamente transcurrir\u00e1 el paseo por el Tormes hasta llegar a la altura del Camping Navagredos, donde retomaremos por poco tiempo la pista del GR 10.<\/p>\n<p>Llegaremos a una portera, junto a un paso canadiense. En este punto dejaremos el GR a nuestra derecha, para, traspasando el paso, introducirnos en el espeso Pinar de Navarredonda. Giramos a nuestra izquierda con la intenci\u00f3n de alcanzar la c\u00f3moda pista de tierra que en suave y sombreado ascenso recorre el paraje.<\/p>\n<p>Sin dejar la misma llegaremos a Pe\u00f1a Hist\u00f3rica, de oscura fama por las reuniones all\u00ed mantenidas los d\u00edas 15 y 16 de junio de 1.935. Entre los asistentes se encontraban Jos\u00e9 Antonio Primo de Rivera y Franco. El asunto a tratar era la posibilidad de una insurrecci\u00f3n armada de la Falange, que termin\u00f3 desembocando en el Golpe de Estado que dio lugar a la Guerra Civil, recuerdo que obviaremos para simplemente deleitarnos con el paraje agradable. A escasos metros se encuentra el Parador Nacional de Gredos, primero de la Red que se fund\u00f3 bajo los auspicios de Alfonso XIII en 1.928 a fin de favorecer la pr\u00e1ctica de la Caza, abundante en la zona.<\/p>\n<p>Tras descansar, seguiremos nuestro camino siempre de frente, hasta atravesar otro paso canadiense, que nos conducir\u00e1 de nuevo al Pueblo.<\/p>\n<p>Consulta la ruta del domingo d\u00eda 1 en la\u00a0\u00a0<a href=\"http:\/\/www.clubcaminantebadajoz.com\/ruta.php?pro=1\" rel=\"external nofollow\"><strong>web del club.<\/strong><\/a><\/p>\n<!-- AddThis Advanced Settings generic via filter on the_content --><!-- AddThis Share Buttons generic via filter on the_content -->","protected":false},"excerpt":{"rendered":"<p>El Club del Caminante de Badajoz ha organizado dos rutas por la Sierra de Gredos para este \u00faltimo fin de semana de mayo. La primera de ellas es\u00a0 una traves\u00eda de 10 kil\u00f3metros y dificultad baja. El autob\u00fas llevar\u00e1 a los caminantes durante unos metros por la carretera de la Nava hasta la altura del [&hellip;]<!-- AddThis Advanced Settings generic via filter on get_the_excerpt --><!-- AddThis Share Buttons generic via filter on get_the_excerpt --><\/p>\n","protected":false},"author":27,"featured_media":0,"comment_status":"open","ping_status":"closed","sticky":false,"template":"","format":"standard","meta":[],"categories":[4],"tags":[],"_links":{"self":[{"href":"https:\/\/blogs.hoy.es\/senderosextremadura\/wp-json\/wp\/v2\/posts\/2733"}],"collection":[{"href":"https:\/\/blogs.hoy.es\/senderosextremadura\/wp-json\/wp\/v2\/posts"}],"about":[{"href":"https:\/\/blogs.hoy.es\/senderosextremadura\/wp-json\/wp\/v2\/types\/post"}],"author":[{"embeddable":true,"href":"https:\/\/blogs.hoy.es\/senderosextremadura\/wp-json\/wp\/v2\/users\/27"}],"replies":[{"embeddable":true,"href":"https:\/\/blogs.hoy.es\/senderosextremadura\/wp-json\/wp\/v2\/comments?post=2733"}],"version-history":[{"count":0,"href":"https:\/\/blogs.hoy.es\/senderosextremadura\/wp-json\/wp\/v2\/posts\/2733\/revisions"}],"wp:attachment":[{"href":"https:\/\/blogs.hoy.es\/senderosextremadura\/wp-json\/wp\/v2\/media?parent=2733"}],"wp:term":[{"taxonomy":"category","embeddable":true,"href":"https:\/\/blogs.hoy.es\/senderosextremadura\/wp-json\/wp\/v2\/categories?post=2733"},{"taxonomy":"post_tag","embeddable":true,"href":"https:\/\/blogs.hoy.es\/senderosextremadura\/wp-json\/wp\/v2\/tags?post=2733"}],"curies":[{"name":"wp","href":"https:\/\/api.w.org\/{rel}","templated":true}]}}