{"id":2736,"date":"2014-05-28T10:19:04","date_gmt":"2014-05-28T10:19:04","guid":{"rendered":"http:\/\/blogs.hoy.es\/senderosextremadura\/?p=2736"},"modified":"2014-05-28T10:19:04","modified_gmt":"2014-05-28T10:19:04","slug":"dos-dias-de-travesia-por-la-alta-extremadura-31-de-mayo-1-de-junio","status":"publish","type":"post","link":"https:\/\/blogs.hoy.es\/senderosextremadura\/2014\/05\/28\/dos-dias-de-travesia-por-la-alta-extremadura-31-de-mayo-1-de-junio\/","title":{"rendered":"Dos d\u00edas de traves\u00eda por la Alta Extremadura (31 de mayo-1 de junio)"},"content":{"rendered":"<div id=\"attachment_2738\" style=\"width: 370px\" class=\"wp-caption aligncenter\"><a href=\"https:\/\/blogs.hoy.es\/senderosextremadura\/2014\/05\/28\/dos-dias-de-travesia-por-la-alta-extremadura-31-de-mayo-1-de-junio\/ruta_n-2\/\" rel=\"attachment wp-att-2738\"><img aria-describedby=\"caption-attachment-2738\" loading=\"lazy\" class=\"size-full wp-image-2738\" title=\"\" src=\"\/senderosextremadura\/wp-content\/uploads\/sites\/22\/2014\/05\/ruta_n.jpg\" alt=\"\" width=\"360\" height=\"240\" srcset=\"https:\/\/static-blogs.hoy.es\/wp-content\/uploads\/sites\/22\/2014\/05\/ruta_n.jpg 360w, https:\/\/static-blogs.hoy.es\/wp-content\/uploads\/sites\/22\/2014\/05\/ruta_n-300x200.jpg 300w\" sizes=\"(max-width: 360px) 100vw, 360px\" \/><\/a><p id=\"caption-attachment-2738\" class=\"wp-caption-text\">Imagen de la Ruta de Carlos V:: Extremadura Turismo<\/p><\/div>\n<p><strong>Explorer<\/strong> ha organizado para este pr\u00f3ximo fin de semana (31 de mayo-1 de junio)\u00a0 una <strong>traves\u00eda por la Alta Extremadura<\/strong>, en el Macizo de Gredos. Se trata de realizar la combinaci\u00f3n de dos traves\u00edas de prestigio con inicio en <strong>Tornavacas<\/strong> donde los caminantes pernoctar\u00e1n la primera noche. Recorrer\u00e1n unos valles plagados de cumbres extreme\u00f1as de m\u00e1s de 2000 metros, pasando\u00a0 por la <strong>portilla de Jaranda<\/strong> para acabar en Jarandilla de la Vera,\u00a0 segundo lugar alojamiento, para regresar al d\u00eda siguiente por la <strong>ruta de Carlos V<\/strong> hasta Tornavacas.<\/p>\n<p><!--more--><br \/>\nDificultad: Media.<\/p>\n<p>Ratio gu\u00eda\/participante: 1\/12 m\u00e1ximo<\/p>\n<p>Matr\u00edcula: 135 euros.<\/p>\n<p>* Incluye material com\u00fan de seguridad, 2 alojamientos en Hostal con desayuno, seguros y gu\u00eda UIAGM exclusivo para el grupo<\/p>\n<p>M\u00e1s informaci\u00f3n, en la web de Explorer y en su <a href=\"https:\/\/www.facebook.com\/ExplorerFranquicias\" target=\"_blank\" rel=\"external nofollow\"><strong>perfil de Facebook.<\/strong><\/a><\/p>\n<!-- AddThis Advanced Settings generic via filter on the_content --><!-- AddThis Share Buttons generic via filter on the_content -->","protected":false},"excerpt":{"rendered":"<p>Explorer ha organizado para este pr\u00f3ximo fin de semana (31 de mayo-1 de junio)\u00a0 una traves\u00eda por la Alta Extremadura, en el Macizo de Gredos. Se trata de realizar la combinaci\u00f3n de dos traves\u00edas de prestigio con inicio en Tornavacas donde los caminantes pernoctar\u00e1n la primera noche. Recorrer\u00e1n unos valles plagados de cumbres extreme\u00f1as de [&hellip;]<!-- AddThis Advanced Settings generic via filter on get_the_excerpt --><!-- AddThis Share Buttons generic via filter on get_the_excerpt --><\/p>\n","protected":false},"author":27,"featured_media":0,"comment_status":"open","ping_status":"closed","sticky":false,"template":"","format":"standard","meta":[],"categories":[4],"tags":[],"_links":{"self":[{"href":"https:\/\/blogs.hoy.es\/senderosextremadura\/wp-json\/wp\/v2\/posts\/2736"}],"collection":[{"href":"https:\/\/blogs.hoy.es\/senderosextremadura\/wp-json\/wp\/v2\/posts"}],"about":[{"href":"https:\/\/blogs.hoy.es\/senderosextremadura\/wp-json\/wp\/v2\/types\/post"}],"author":[{"embeddable":true,"href":"https:\/\/blogs.hoy.es\/senderosextremadura\/wp-json\/wp\/v2\/users\/27"}],"replies":[{"embeddable":true,"href":"https:\/\/blogs.hoy.es\/senderosextremadura\/wp-json\/wp\/v2\/comments?post=2736"}],"version-history":[{"count":0,"href":"https:\/\/blogs.hoy.es\/senderosextremadura\/wp-json\/wp\/v2\/posts\/2736\/revisions"}],"wp:attachment":[{"href":"https:\/\/blogs.hoy.es\/senderosextremadura\/wp-json\/wp\/v2\/media?parent=2736"}],"wp:term":[{"taxonomy":"category","embeddable":true,"href":"https:\/\/blogs.hoy.es\/senderosextremadura\/wp-json\/wp\/v2\/categories?post=2736"},{"taxonomy":"post_tag","embeddable":true,"href":"https:\/\/blogs.hoy.es\/senderosextremadura\/wp-json\/wp\/v2\/tags?post=2736"}],"curies":[{"name":"wp","href":"https:\/\/api.w.org\/{rel}","templated":true}]}}