{"id":2749,"date":"2014-06-10T14:50:23","date_gmt":"2014-06-10T14:50:23","guid":{"rendered":"http:\/\/blogs.hoy.es\/senderosextremadura\/?p=2749"},"modified":"2014-06-10T14:50:23","modified_gmt":"2014-06-10T14:50:23","slug":"ruta-hasta-la-mira-de-gredos-con-la-asociacion-ademoxa-15-de-junio","status":"publish","type":"post","link":"https:\/\/blogs.hoy.es\/senderosextremadura\/2014\/06\/10\/ruta-hasta-la-mira-de-gredos-con-la-asociacion-ademoxa-15-de-junio\/","title":{"rendered":"Ruta hasta La Mira de Gredos con la asociaci\u00f3n Ademoxa (15 de junio)"},"content":{"rendered":"<p>La asociaci\u00f3n deportiva <strong>Ademoxa<\/strong> llevar\u00e1 a cabo una ruta de senderismo el pr\u00f3ximo domingo 15 de junio.\u00a0 La marcha partir\u00e1 de\u00a0 la plataforma de<strong> Gredos y llegar\u00e1 a La Mira<\/strong>. La salida tendr\u00e1 lugar a las 7 de la ma\u00f1ana desde la avenida Extremadura de Moraleja. Los socios pagar\u00e1n 6 euros y los no socios 10 euros. Las personas que est\u00e9n federadas pagar\u00e1n dos euros menos.<!--more--><\/p>\n<p>La ruta tendr\u00e1 una dificultad media, un desnivel de 593 metros, una longitud de 16 kilometros y una duraci\u00f3n de 7 horas. La altura m\u00e1xima que se alcanzar\u00e1 ser\u00e1n 2.343 metros.<\/p>\n<p>Las inscripciones se podr\u00e1n realizar en Melecmor, frente al juzgado de Paz de Moraleja, o llamando al tel\u00e9fono 927 51 53 80. La fecha limite de inscripci\u00f3n ser\u00e1 el jueves 12 de junio. Se recomienda llevar agua y protecci\u00f3n solar como crema, gorra y gafas de sol.<\/p>\n<p>Colaboran \u00a0el excelent\u00edsimo Ayuntamiento de Moraleja, concejal\u00eda de deportes y patronato municipal de deportes.<\/p>\n<!-- AddThis Advanced Settings generic via filter on the_content --><!-- AddThis Share Buttons generic via filter on the_content -->","protected":false},"excerpt":{"rendered":"<p>La asociaci\u00f3n deportiva Ademoxa llevar\u00e1 a cabo una ruta de senderismo el pr\u00f3ximo domingo 15 de junio.\u00a0 La marcha partir\u00e1 de\u00a0 la plataforma de Gredos y llegar\u00e1 a La Mira. La salida tendr\u00e1 lugar a las 7 de la ma\u00f1ana desde la avenida Extremadura de Moraleja. Los socios pagar\u00e1n 6 euros y los no socios [&hellip;]<!-- AddThis Advanced Settings generic via filter on get_the_excerpt --><!-- AddThis Share Buttons generic via filter on get_the_excerpt --><\/p>\n","protected":false},"author":27,"featured_media":0,"comment_status":"open","ping_status":"closed","sticky":false,"template":"","format":"standard","meta":[],"categories":[4],"tags":[],"_links":{"self":[{"href":"https:\/\/blogs.hoy.es\/senderosextremadura\/wp-json\/wp\/v2\/posts\/2749"}],"collection":[{"href":"https:\/\/blogs.hoy.es\/senderosextremadura\/wp-json\/wp\/v2\/posts"}],"about":[{"href":"https:\/\/blogs.hoy.es\/senderosextremadura\/wp-json\/wp\/v2\/types\/post"}],"author":[{"embeddable":true,"href":"https:\/\/blogs.hoy.es\/senderosextremadura\/wp-json\/wp\/v2\/users\/27"}],"replies":[{"embeddable":true,"href":"https:\/\/blogs.hoy.es\/senderosextremadura\/wp-json\/wp\/v2\/comments?post=2749"}],"version-history":[{"count":0,"href":"https:\/\/blogs.hoy.es\/senderosextremadura\/wp-json\/wp\/v2\/posts\/2749\/revisions"}],"wp:attachment":[{"href":"https:\/\/blogs.hoy.es\/senderosextremadura\/wp-json\/wp\/v2\/media?parent=2749"}],"wp:term":[{"taxonomy":"category","embeddable":true,"href":"https:\/\/blogs.hoy.es\/senderosextremadura\/wp-json\/wp\/v2\/categories?post=2749"},{"taxonomy":"post_tag","embeddable":true,"href":"https:\/\/blogs.hoy.es\/senderosextremadura\/wp-json\/wp\/v2\/tags?post=2749"}],"curies":[{"name":"wp","href":"https:\/\/api.w.org\/{rel}","templated":true}]}}