{"id":2751,"date":"2014-06-17T07:49:15","date_gmt":"2014-06-17T07:49:15","guid":{"rendered":"http:\/\/blogs.hoy.es\/senderosextremadura\/?p=2751"},"modified":"2014-06-17T07:49:15","modified_gmt":"2014-06-17T07:49:15","slug":"exito-en-montehermoso-de-la-marcha-solidaria-a-favor-de-la-nina-alba-hermoso","status":"publish","type":"post","link":"https:\/\/blogs.hoy.es\/senderosextremadura\/2014\/06\/17\/exito-en-montehermoso-de-la-marcha-solidaria-a-favor-de-la-nina-alba-hermoso\/","title":{"rendered":"\u00c9xito en Montehermoso de la marcha solidaria a favor de la ni\u00f1a Alba Hermoso"},"content":{"rendered":"<div id=\"attachment_2752\" style=\"width: 492px\" class=\"wp-caption aligncenter\"><a href=\"https:\/\/blogs.hoy.es\/senderosextremadura\/\"><img aria-describedby=\"caption-attachment-2752\" loading=\"lazy\" class=\" wp-image-2752\" title=\" Alba con sus padres y con representantes de la Asociaci\u00f3n de Amas de Casa de Montehermos y voluntarios de la marcha.\" src=\"\/senderosextremadura\/wp-content\/uploads\/sites\/22\/2014\/06\/alba.jpg\" alt=\" Alba con sus padres y con representantes de la Asociaci\u00f3n de Amas de Casa de Montehermos y voluntarios de la marcha.\" width=\"482\" height=\"270\" srcset=\"https:\/\/static-blogs.hoy.es\/wp-content\/uploads\/sites\/22\/2014\/06\/alba.jpg 1163w, https:\/\/static-blogs.hoy.es\/wp-content\/uploads\/sites\/22\/2014\/06\/alba-300x168.jpg 300w, https:\/\/static-blogs.hoy.es\/wp-content\/uploads\/sites\/22\/2014\/06\/alba-768x431.jpg 768w, https:\/\/static-blogs.hoy.es\/wp-content\/uploads\/sites\/22\/2014\/06\/alba-600x337.jpg 600w\" sizes=\"(max-width: 482px) 100vw, 482px\" \/><\/a><p id=\"caption-attachment-2752\" class=\"wp-caption-text\">Alba con sus padres y con representantes de la Asociaci\u00f3n de Amas de Casa de Montehermos y voluntarios de la marcha.<\/p><\/div>\n<p>El viernes 13 de junio de 2014 tuvo lugar en Montehermoso una Marcha Solidaria Nocturna a favor de la ni\u00f1a Alba Hermoso Crespo. Seg\u00fan los organizadores, la marcha fue todo un\u00a0 \u00e9xito de participaci\u00f3n ciudadana.<\/p>\n<p>El evento parti\u00f3 de una iniciativa de la Asociaci\u00f3n de Amas de Casa de Montehermoso, con la idea de recaudar fondos que ir\u00e1n destinados para tratar su enfermedad. Los participantes abonaron el precio simb\u00f3lico de tres euros que se destinar\u00e1n \u00edntegramente a Alba.<!--more--><\/p>\n<p>Para esta ocasi\u00f3n voluntarios senderistas de Asociaci\u00f3n Andares prepararon un recorrido circular de poco m\u00e1s de 6 kil\u00f3metros, y de dificultad baja para que todo el mundo pudiera realizarlo sin problema, y disfrutar de la luna llena de esa noche.<\/p>\n<p>A la Marcha Nocturna Solidaria en la que tambi\u00e9n particip\u00f3 Alba junto a sus padres, acudieron 303 personas apoyando con su presencia esta buena causa. En total fueron m\u00e1s de 500 personas las que aportaron un donativo solidario a lo largo de estos d\u00edas.<\/p>\n<p>Al final del recorrido se realiz\u00f3 una cadena solidaria en el Parque Municipal con Alba y sus padres en el centro, que emocionados agradecieron a todas las personas por su participaci\u00f3n y colaboraci\u00f3n, junto a la presidenta y representantes de la Asociaci\u00f3n de Amas de Casa de Montehermoso y los voluntarios de la marcha.<\/p>\n<p>Juan Jes\u00fas S\u00e1nchez Alc\u00f3n<\/p>\n<p>&nbsp;<\/p>\n<p>&nbsp;<\/p>\n<!-- AddThis Advanced Settings generic via filter on the_content --><!-- AddThis Share Buttons generic via filter on the_content -->","protected":false},"excerpt":{"rendered":"<p>El viernes 13 de junio de 2014 tuvo lugar en Montehermoso una Marcha Solidaria Nocturna a favor de la ni\u00f1a Alba Hermoso Crespo. Seg\u00fan los organizadores, la marcha fue todo un\u00a0 \u00e9xito de participaci\u00f3n ciudadana. El evento parti\u00f3 de una iniciativa de la Asociaci\u00f3n de Amas de Casa de Montehermoso, con la idea de recaudar [&hellip;]<!-- AddThis Advanced Settings generic via filter on get_the_excerpt --><!-- AddThis Share Buttons generic via filter on get_the_excerpt --><\/p>\n","protected":false},"author":27,"featured_media":0,"comment_status":"open","ping_status":"closed","sticky":false,"template":"","format":"standard","meta":[],"categories":[4],"tags":[],"_links":{"self":[{"href":"https:\/\/blogs.hoy.es\/senderosextremadura\/wp-json\/wp\/v2\/posts\/2751"}],"collection":[{"href":"https:\/\/blogs.hoy.es\/senderosextremadura\/wp-json\/wp\/v2\/posts"}],"about":[{"href":"https:\/\/blogs.hoy.es\/senderosextremadura\/wp-json\/wp\/v2\/types\/post"}],"author":[{"embeddable":true,"href":"https:\/\/blogs.hoy.es\/senderosextremadura\/wp-json\/wp\/v2\/users\/27"}],"replies":[{"embeddable":true,"href":"https:\/\/blogs.hoy.es\/senderosextremadura\/wp-json\/wp\/v2\/comments?post=2751"}],"version-history":[{"count":0,"href":"https:\/\/blogs.hoy.es\/senderosextremadura\/wp-json\/wp\/v2\/posts\/2751\/revisions"}],"wp:attachment":[{"href":"https:\/\/blogs.hoy.es\/senderosextremadura\/wp-json\/wp\/v2\/media?parent=2751"}],"wp:term":[{"taxonomy":"category","embeddable":true,"href":"https:\/\/blogs.hoy.es\/senderosextremadura\/wp-json\/wp\/v2\/categories?post=2751"},{"taxonomy":"post_tag","embeddable":true,"href":"https:\/\/blogs.hoy.es\/senderosextremadura\/wp-json\/wp\/v2\/tags?post=2751"}],"curies":[{"name":"wp","href":"https:\/\/api.w.org\/{rel}","templated":true}]}}