{"id":2755,"date":"2014-06-18T11:23:19","date_gmt":"2014-06-18T11:23:19","guid":{"rendered":"http:\/\/blogs.hoy.es\/senderosextremadura\/?p=2755"},"modified":"2014-06-18T11:23:19","modified_gmt":"2014-06-18T11:23:19","slug":"la-brujula-de-zarco-guio-a-750-senderistas-hasta-un-bello-espectaculo-nocturno","status":"publish","type":"post","link":"https:\/\/blogs.hoy.es\/senderosextremadura\/2014\/06\/18\/la-brujula-de-zarco-guio-a-750-senderistas-hasta-un-bello-espectaculo-nocturno\/","title":{"rendered":"La &#039;Br\u00fajula de Zarco&#039; gui\u00f3 a 750 senderistas hacia un bello espect\u00e1culo nocturno"},"content":{"rendered":"<div id=\"attachment_2757\" style=\"width: 587px\" class=\"wp-caption aligncenter\"><a href=\"https:\/\/blogs.hoy.es\/senderosextremadura\/\"><img aria-describedby=\"caption-attachment-2757\" loading=\"lazy\" class=\" wp-image-2757\" title=\"Un momento de la ruta:: Francisco Jos\u00e9 N\u00fa\u00f1ez Gonz\u00e1lez\" src=\"\/senderosextremadura\/wp-content\/uploads\/sites\/22\/2014\/06\/6-1.jpg\" alt=\"Un momento de la ruta:: Francisco Jos\u00e9 N\u00fa\u00f1ez Gonz\u00e1lez\" width=\"577\" height=\"385\" srcset=\"https:\/\/static-blogs.hoy.es\/wp-content\/uploads\/sites\/22\/2014\/06\/6-1.jpg 1350w, https:\/\/static-blogs.hoy.es\/wp-content\/uploads\/sites\/22\/2014\/06\/6-1-300x200.jpg 300w, https:\/\/static-blogs.hoy.es\/wp-content\/uploads\/sites\/22\/2014\/06\/6-1-768x512.jpg 768w, https:\/\/static-blogs.hoy.es\/wp-content\/uploads\/sites\/22\/2014\/06\/6-1-600x400.jpg 600w\" sizes=\"(max-width: 577px) 100vw, 577px\" \/><\/a><p id=\"caption-attachment-2757\" class=\"wp-caption-text\">Un momento de la ruta:: Francisco Jos\u00e9 N\u00fa\u00f1ez Gonz\u00e1lez<\/p><\/div>\n<p><strong>750 personas<\/strong> participaron en la noche del s\u00e1bado al domingo en una<strong> espectacular ruta teatralizada<\/strong> (<a href=\"http:\/\/www.hoy.es\/fotos\/prov-badajoz\/201406\/18\/personas-disfrutaron-espectacular-ruta-3082626781768-mm.html\" rel=\"external nofollow\"><strong>VER TODAS LAS FOTOS<\/strong><\/a>) organizada por el <strong>Club Prisi\u00f1as de Olivenza<\/strong>. Los senderistas que se unieron a <strong>&#8216;La Br\u00fajula de Zarco&#8217;<\/strong> navegaron a trav\u00e9s de la imaginaci\u00f3n hacia el m\u00e1gico mundo de la Atl\u00e1ntida.\u00a0 Una jornada nocturna que arranc\u00f3 a las 21:30 y que llev\u00f3 a una marea de ilusiones, guiada por la Br\u00fajula, hacia un fant\u00e1stico lugar.<\/p>\n<p>El dios Neptuno, sus guardianes, preciosas sirenas, la malvada \u00darsula y Medusa les esperaban para regalarles un espect\u00e1culo lleno de belleza, luz y deliciosas melod\u00edas. A su regreso todos pudieron disfrutar de una cena y dulces caseros preparados por los propios Prisi\u00f1as, as\u00ed como de un sorteo de regalos.<br \/>\n<!--more--><br \/>\nLos senderistas del club oliventino <strong>invirtieron dos meses en los preparativos<\/strong>. \u201cNuestro destino nunca es un lugar, sino una nueva forma de ver las cosas\u201d. Esta frase define el esp\u00edritu del Club Senderista Prisi\u00f1as, de Olivenza, que una vez m\u00e1s se ha embarcado en una intr\u00e9pida aventura.<\/p>\n<p><a href=\"https:\/\/blogs.hoy.es\/senderosextremadura\/\"><img loading=\"lazy\" class=\"aligncenter size-large wp-image-2759\" title=\"\" src=\"\/senderosextremadura\/wp-content\/uploads\/sites\/22\/2014\/06\/12-1.jpg\" alt=\"\" width=\"600\" height=\"400\" srcset=\"https:\/\/static-blogs.hoy.es\/wp-content\/uploads\/sites\/22\/2014\/06\/12-1.jpg 1350w, https:\/\/static-blogs.hoy.es\/wp-content\/uploads\/sites\/22\/2014\/06\/12-1-300x200.jpg 300w, https:\/\/static-blogs.hoy.es\/wp-content\/uploads\/sites\/22\/2014\/06\/12-1-768x512.jpg 768w, https:\/\/static-blogs.hoy.es\/wp-content\/uploads\/sites\/22\/2014\/06\/12-1-600x400.jpg 600w\" sizes=\"(max-width: 600px) 100vw, 600px\" \/><\/a><\/p>\n<p>El presidente del club, Francisco Jos\u00e9 N\u00fa\u00f1ez Gonz\u00e1lez, asegura que &#8220;ha sido un viaje inolvidable que he de agradecer a todos aquellos que han cre\u00eddo en nosotros, a todos los que han aportado su fuerza e ilusi\u00f3n. Pero sobre todo a aquellos que nos han acompa\u00f1ado para descubrir algo que un loco so\u00f1\u00f3 que pod\u00eda construirse. Fue una suerte encontrar a otros locos que lo creyeran. Y as\u00ed se cre\u00f3 La Br\u00fajula de Zarco, una historia que no olvidaremos.\u201d<\/p>\n<p><a href=\"https:\/\/blogs.hoy.es\/senderosextremadura\/\"><img loading=\"lazy\" class=\"aligncenter size-large wp-image-2758\" title=\"\" src=\"\/senderosextremadura\/wp-content\/uploads\/sites\/22\/2014\/06\/9.jpg\" alt=\"\" width=\"600\" height=\"400\" srcset=\"https:\/\/static-blogs.hoy.es\/wp-content\/uploads\/sites\/22\/2014\/06\/9.jpg 1350w, https:\/\/static-blogs.hoy.es\/wp-content\/uploads\/sites\/22\/2014\/06\/9-300x200.jpg 300w, https:\/\/static-blogs.hoy.es\/wp-content\/uploads\/sites\/22\/2014\/06\/9-768x512.jpg 768w, https:\/\/static-blogs.hoy.es\/wp-content\/uploads\/sites\/22\/2014\/06\/9-600x400.jpg 600w\" sizes=\"(max-width: 600px) 100vw, 600px\" \/><\/a><\/p>\n<p>\u201cNuestra alma de ni\u00f1o anda suelta y nunca se sabe lo que podr\u00e1 idear y tramar para la pr\u00f3xima\u201d dice su presidente. Pero habr\u00e1 que esperar unos meses para poder vivir una nueva aventura del club.<\/p>\n<p>Los Prisias agradecen a la compa\u00f1\u00eda Oliexc\u00e9nicas, La Tarde de Calamonte, la Asociaci\u00f3n Cuenta Conmigo con Pilar Aranda, Protecci\u00f3n Civil, Ayuntamiento de Olivenza, a los miembros del club y\u00a0 a todos aquellos que han hecho posible que &#8220;con muy poco se cree algo muy grande, s\u00f3lo movidos por una sencilla palabra: ilusi\u00f3n&#8221;.<\/p>\n<p>Pod\u00e9is encontrar m\u00e1s informaci\u00f3n y fotograf\u00edas sobre la ruta en la web de Prisi\u00f1as: www.clubsenderistaolivenza.com<\/p>\n<!-- AddThis Advanced Settings generic via filter on the_content --><!-- AddThis Share Buttons generic via filter on the_content -->","protected":false},"excerpt":{"rendered":"<p>750 personas participaron en la noche del s\u00e1bado al domingo en una espectacular ruta teatralizada (VER TODAS LAS FOTOS) organizada por el Club Prisi\u00f1as de Olivenza. Los senderistas que se unieron a &#8216;La Br\u00fajula de Zarco&#8217; navegaron a trav\u00e9s de la imaginaci\u00f3n hacia el m\u00e1gico mundo de la Atl\u00e1ntida.\u00a0 Una jornada nocturna que arranc\u00f3 a [&hellip;]<!-- AddThis Advanced Settings generic via filter on get_the_excerpt --><!-- AddThis Share Buttons generic via filter on get_the_excerpt --><\/p>\n","protected":false},"author":27,"featured_media":0,"comment_status":"open","ping_status":"closed","sticky":false,"template":"","format":"standard","meta":[],"categories":[4],"tags":[587,656,784,906],"_links":{"self":[{"href":"https:\/\/blogs.hoy.es\/senderosextremadura\/wp-json\/wp\/v2\/posts\/2755"}],"collection":[{"href":"https:\/\/blogs.hoy.es\/senderosextremadura\/wp-json\/wp\/v2\/posts"}],"about":[{"href":"https:\/\/blogs.hoy.es\/senderosextremadura\/wp-json\/wp\/v2\/types\/post"}],"author":[{"embeddable":true,"href":"https:\/\/blogs.hoy.es\/senderosextremadura\/wp-json\/wp\/v2\/users\/27"}],"replies":[{"embeddable":true,"href":"https:\/\/blogs.hoy.es\/senderosextremadura\/wp-json\/wp\/v2\/comments?post=2755"}],"version-history":[{"count":0,"href":"https:\/\/blogs.hoy.es\/senderosextremadura\/wp-json\/wp\/v2\/posts\/2755\/revisions"}],"wp:attachment":[{"href":"https:\/\/blogs.hoy.es\/senderosextremadura\/wp-json\/wp\/v2\/media?parent=2755"}],"wp:term":[{"taxonomy":"category","embeddable":true,"href":"https:\/\/blogs.hoy.es\/senderosextremadura\/wp-json\/wp\/v2\/categories?post=2755"},{"taxonomy":"post_tag","embeddable":true,"href":"https:\/\/blogs.hoy.es\/senderosextremadura\/wp-json\/wp\/v2\/tags?post=2755"}],"curies":[{"name":"wp","href":"https:\/\/api.w.org\/{rel}","templated":true}]}}