{"id":2761,"date":"2014-06-26T12:00:10","date_gmt":"2014-06-26T12:00:10","guid":{"rendered":"http:\/\/blogs.hoy.es\/senderosextremadura\/?p=2761"},"modified":"2014-06-26T12:00:10","modified_gmt":"2014-06-26T12:00:10","slug":"fin-de-temporada-para-los-clubes-senderistas-extremenos","status":"publish","type":"post","link":"https:\/\/blogs.hoy.es\/senderosextremadura\/2014\/06\/26\/fin-de-temporada-para-los-clubes-senderistas-extremenos\/","title":{"rendered":"Fin de temporada para los clubes senderistas extreme\u00f1os"},"content":{"rendered":"<p>Lleg\u00f3 el verano y con el calor se\u00a0pone <strong>fin a la\u00a0temporada<\/strong> para casi todos los clubes senderistas extreme\u00f1os. La mayor\u00eda de caminantes se han despedido de la rutas con convivencias\u00a0y fiestas,\u00a0esperando volver a verse quiz\u00e1 en alguna\u00a0traves\u00eda nocturna programada durante el est\u00edo.\u00a0 Una de las actividades m\u00e1s concurridas y atractivas de los \u00faltimos d\u00edas \u00a0fue sin duda la ruta realizada el pasado 15 de junio por el club <strong><a href=\"http:\/\/clubsenderistaolivenza.es\/\" target=\"_blank\" rel=\"external nofollow\">Prisi\u00f1as de Olivenza<\/a><\/strong>. &#8216;La br\u00fajula de Zarco&#8217; logr\u00f3 congregar a 750 personas en una marcha llena de magia, luz y color.<\/p>\n<div id=\"attachment_2764\" style=\"width: 538px\" class=\"wp-caption aligncenter\"><a href=\"https:\/\/blogs.hoy.es\/senderosextremadura\/\"><img aria-describedby=\"caption-attachment-2764\" loading=\"lazy\" class=\" wp-image-2764\" title=\"\" src=\"\/senderosextremadura\/wp-content\/uploads\/sites\/22\/2014\/06\/prisinas.jpg\" alt=\"\" width=\"528\" height=\"335\" \/><\/a><p id=\"caption-attachment-2764\" class=\"wp-caption-text\">Imagen de lar ruta realizada por los Prisi\u00f1as<\/p><\/div>\n<p>&nbsp;<\/p>\n<p>El <strong><a href=\"http:\/\/www.clubcaminantebadajoz.com\/\" target=\"_blank\" rel=\"external nofollow\">Club del Caminante de Badajoz<\/a><\/strong> se despidi\u00f3 el pasado 21 de julio con una\u00a0marcha nocturna. El <strong><a href=\"http:\/\/www.valcorchero.es\/\" target=\"_blank\" rel=\"external nofollow\">Club de Monta\u00f1a Valcorchero de Plasencia<\/a><\/strong> fue uno de los grupos\u00a0que\u00a0cerr\u00f3 la temporada\u00a0a lo grande con su <strong><a href=\"http:\/\/www.valcorchero.es\/Archivos\/Cronica.pdf\" target=\"_blank\" rel=\"external nofollow\">II edici\u00f3n de los 14 Dosmiles<\/a><\/strong>. Una traves\u00eda que este a\u00f1o part\u00eda desde la plaza de <strong>Guijo de Santa B\u00e1rbara<\/strong>. En ella han participado 160 monta\u00f1eros de 31 clubes de Espa\u00f1a y Portugal.<\/p>\n<p><!--more--><\/p>\n<p>Por su parte, el <a href=\"http:\/\/www.senderismoemeritaaugusta.com\/\" target=\"_blank\" rel=\"external nofollow\"><strong>Club Em\u00e9rita Augusta<\/strong> <strong>de M\u00e9rida<\/strong><\/a> dijo adi\u00f3s con una traves\u00eda por la Sierra de B\u00e9jar. Este domingo 29 de julio <strong><a href=\"https:\/\/es-es.facebook.com\/senderismo.laviaverde\" target=\"_blank\" rel=\"external nofollow\">Senderismo la V\u00eda Verde<\/a><\/strong>, de Villanueva de la Serena, har\u00e1 lo propio con una convivencia de fin de temporada en la playa de Medell\u00edn. La fiesta comenzar\u00e1 a partir de las 13 horas. Hace un par de semanas realizaron su ruta por el Circo de Gredos.<\/p>\n<p><a href=\"https:\/\/blogs.hoy.es\/senderosextremadura\/2014\/06\/26\/fin-de-temporada-para-los-clubes-senderistas-extremenos\/circo-gredos\/\" rel=\"attachment wp-att-2765\"><img loading=\"lazy\" class=\"aligncenter  wp-image-2765\" title=\"\" src=\"\/senderosextremadura\/wp-content\/uploads\/sites\/22\/2014\/06\/circo-gredos.jpg\" alt=\"\" width=\"578\" height=\"145\" \/><\/a><\/p>\n<p>Por su parte, la <strong><a href=\"https:\/\/www.facebook.com\/#!\/montanerosvegasaltas.asociacion?fref=ts\" target=\"_blank\" rel=\"external nofollow\">Asociaci\u00f3n Monta\u00f1eros Vegas Altas<\/a><\/strong> de Don Benito realizar\u00e1 su fiesta este s\u00e1bado 28 de junio con una paellada en Mengabril.<\/p>\n<p>El grupo senderista <strong><a href=\"https:\/\/www.facebook.com\/#!\/andariegos.coseranos?fref=ts\" target=\"_blank\" rel=\"external nofollow\">Andariegos Coseranos<\/a><\/strong>, de La Codosera,\u00a0celebr\u00f3 el pasado 22 de junio una comida de despedida en el paraje conocido como Molino del Duque. El grupo cacere\u00f1o La Vereina puso broche de oro a\u00a0 la temporada\u00a0con un bonito recorrido por\u00a0\u00a0la Laguna de Gredos.<\/p>\n<div id=\"attachment_2766\" style=\"width: 610px\" class=\"wp-caption aligncenter\"><a href=\"https:\/\/blogs.hoy.es\/senderosextremadura\/\"><img aria-describedby=\"caption-attachment-2766\" loading=\"lazy\" class=\" wp-image-2766\" title=\"\" src=\"\/senderosextremadura\/wp-content\/uploads\/sites\/22\/2014\/06\/pilones.jpg\" alt=\"\" width=\"600\" height=\"450\" srcset=\"https:\/\/static-blogs.hoy.es\/wp-content\/uploads\/sites\/22\/2014\/06\/pilones.jpg 960w, https:\/\/static-blogs.hoy.es\/wp-content\/uploads\/sites\/22\/2014\/06\/pilones-300x225.jpg 300w, https:\/\/static-blogs.hoy.es\/wp-content\/uploads\/sites\/22\/2014\/06\/pilones-768x576.jpg 768w, https:\/\/static-blogs.hoy.es\/wp-content\/uploads\/sites\/22\/2014\/06\/pilones-600x450.jpg 600w\" sizes=\"(max-width: 600px) 100vw, 600px\" \/><\/a><p id=\"caption-attachment-2766\" class=\"wp-caption-text\">Ruta celebrada en Ribera del Fresno hace unos d\u00edas:: JUAN FRANCISCO LLANO<\/p><\/div>\n<p>En <strong>Ribera del Fresno<\/strong>, Amigos Senderistas <strong>La Alberca<\/strong> congregaron a\u00a0unas 200 personas en\u00a0la II edici\u00f3n de la Ruta de las Huertas y de San Juan. En el recorrido pasaron por parajes como La Bodega, Los Pilones y Pontezuela, Las Perdigueras y La Hacienda de Quintana. El agua es siempre elemento protagonista de esta ruta.<\/p>\n<!-- AddThis Advanced Settings generic via filter on the_content --><!-- AddThis Share Buttons generic via filter on the_content -->","protected":false},"excerpt":{"rendered":"<p>Lleg\u00f3 el verano y con el calor se\u00a0pone fin a la\u00a0temporada para casi todos los clubes senderistas extreme\u00f1os. La mayor\u00eda de caminantes se han despedido de la rutas con convivencias\u00a0y fiestas,\u00a0esperando volver a verse quiz\u00e1 en alguna\u00a0traves\u00eda nocturna programada durante el est\u00edo.\u00a0 Una de las actividades m\u00e1s concurridas y atractivas de los \u00faltimos d\u00edas \u00a0fue [&hellip;]<!-- AddThis Advanced Settings generic via filter on get_the_excerpt --><!-- AddThis Share Buttons generic via filter on get_the_excerpt --><\/p>\n","protected":false},"author":27,"featured_media":0,"comment_status":"open","ping_status":"closed","sticky":false,"template":"","format":"standard","meta":[],"categories":[4],"tags":[301,792,821,870,906,917,944,1035],"_links":{"self":[{"href":"https:\/\/blogs.hoy.es\/senderosextremadura\/wp-json\/wp\/v2\/posts\/2761"}],"collection":[{"href":"https:\/\/blogs.hoy.es\/senderosextremadura\/wp-json\/wp\/v2\/posts"}],"about":[{"href":"https:\/\/blogs.hoy.es\/senderosextremadura\/wp-json\/wp\/v2\/types\/post"}],"author":[{"embeddable":true,"href":"https:\/\/blogs.hoy.es\/senderosextremadura\/wp-json\/wp\/v2\/users\/27"}],"replies":[{"embeddable":true,"href":"https:\/\/blogs.hoy.es\/senderosextremadura\/wp-json\/wp\/v2\/comments?post=2761"}],"version-history":[{"count":0,"href":"https:\/\/blogs.hoy.es\/senderosextremadura\/wp-json\/wp\/v2\/posts\/2761\/revisions"}],"wp:attachment":[{"href":"https:\/\/blogs.hoy.es\/senderosextremadura\/wp-json\/wp\/v2\/media?parent=2761"}],"wp:term":[{"taxonomy":"category","embeddable":true,"href":"https:\/\/blogs.hoy.es\/senderosextremadura\/wp-json\/wp\/v2\/categories?post=2761"},{"taxonomy":"post_tag","embeddable":true,"href":"https:\/\/blogs.hoy.es\/senderosextremadura\/wp-json\/wp\/v2\/tags?post=2761"}],"curies":[{"name":"wp","href":"https:\/\/api.w.org\/{rel}","templated":true}]}}