{"id":2767,"date":"2014-06-27T16:10:31","date_gmt":"2014-06-27T16:10:31","guid":{"rendered":"http:\/\/blogs.hoy.es\/senderosextremadura\/?p=2767"},"modified":"2014-06-27T16:10:31","modified_gmt":"2014-06-27T16:10:31","slug":"senderismo-nocturno-en-cornalvo-28-de-junio","status":"publish","type":"post","link":"https:\/\/blogs.hoy.es\/senderosextremadura\/2014\/06\/27\/senderismo-nocturno-en-cornalvo-28-de-junio\/","title":{"rendered":"Senderismo nocturno en Cornalvo (28 de junio)"},"content":{"rendered":"<p><a href=\"https:\/\/blogs.hoy.es\/senderosextremadura\/\"><img loading=\"lazy\" class=\"aligncenter  wp-image-2768\" title=\"\" src=\"\/senderosextremadura\/wp-content\/uploads\/sites\/22\/2014\/06\/senderismo-nocturno.jpg\" alt=\"\" width=\"526\" height=\"742\" srcset=\"https:\/\/static-blogs.hoy.es\/wp-content\/uploads\/sites\/22\/2014\/06\/senderismo-nocturno-212x300.jpg 212w, https:\/\/static-blogs.hoy.es\/wp-content\/uploads\/sites\/22\/2014\/06\/senderismo-nocturno-600x848.jpg 600w\" sizes=\"(max-width: 526px) 100vw, 526px\" \/><\/a><\/p>\n<p>El Parque de Cornalvo, pr\u00f3ximo a M\u00e9rida, acoge este s\u00e1bado 28 e junio una ruta nocturna de unos 9 kil\u00f3metros por este paraje natural adehesado. La dificultad del recorrido es baja y es apto para todos los p\u00fablicos.<\/p>\n<p>Los interesados pueden inscribirse llamando a los\u00a0 tel\u00e9fonos 924 32 74 00\/630 125 172 o escribiendo un e-mail a la direcci\u00f3n ci.cornalvo@gobex.es indicando\u00a0 nombre y tel\u00e9fono de contacto. La marcha comenzar\u00e1 a las 21.30 horas. El cielo estar\u00e1 despejado y la temperatura oscilar\u00e1 entre\u00a0 los 31 \u00b0C y los 14 \u00b0.<\/p>\n<!-- AddThis Advanced Settings generic via filter on the_content --><!-- AddThis Share Buttons generic via filter on the_content -->","protected":false},"excerpt":{"rendered":"<p>El Parque de Cornalvo, pr\u00f3ximo a M\u00e9rida, acoge este s\u00e1bado 28 e junio una ruta nocturna de unos 9 kil\u00f3metros por este paraje natural adehesado. La dificultad del recorrido es baja y es apto para todos los p\u00fablicos. Los interesados pueden inscribirse llamando a los\u00a0 tel\u00e9fonos 924 32 74 00\/630 125 172 o escribiendo un [&hellip;]<!-- AddThis Advanced Settings generic via filter on get_the_excerpt --><!-- AddThis Share Buttons generic via filter on get_the_excerpt --><\/p>\n","protected":false},"author":27,"featured_media":0,"comment_status":"open","ping_status":"closed","sticky":false,"template":"","format":"standard","meta":[],"categories":[4],"tags":[817,836,932],"_links":{"self":[{"href":"https:\/\/blogs.hoy.es\/senderosextremadura\/wp-json\/wp\/v2\/posts\/2767"}],"collection":[{"href":"https:\/\/blogs.hoy.es\/senderosextremadura\/wp-json\/wp\/v2\/posts"}],"about":[{"href":"https:\/\/blogs.hoy.es\/senderosextremadura\/wp-json\/wp\/v2\/types\/post"}],"author":[{"embeddable":true,"href":"https:\/\/blogs.hoy.es\/senderosextremadura\/wp-json\/wp\/v2\/users\/27"}],"replies":[{"embeddable":true,"href":"https:\/\/blogs.hoy.es\/senderosextremadura\/wp-json\/wp\/v2\/comments?post=2767"}],"version-history":[{"count":0,"href":"https:\/\/blogs.hoy.es\/senderosextremadura\/wp-json\/wp\/v2\/posts\/2767\/revisions"}],"wp:attachment":[{"href":"https:\/\/blogs.hoy.es\/senderosextremadura\/wp-json\/wp\/v2\/media?parent=2767"}],"wp:term":[{"taxonomy":"category","embeddable":true,"href":"https:\/\/blogs.hoy.es\/senderosextremadura\/wp-json\/wp\/v2\/categories?post=2767"},{"taxonomy":"post_tag","embeddable":true,"href":"https:\/\/blogs.hoy.es\/senderosextremadura\/wp-json\/wp\/v2\/tags?post=2767"}],"curies":[{"name":"wp","href":"https:\/\/api.w.org\/{rel}","templated":true}]}}