{"id":2771,"date":"2014-07-23T17:08:59","date_gmt":"2014-07-23T17:08:59","guid":{"rendered":"http:\/\/blogs.hoy.es\/senderosextremadura\/?p=2771"},"modified":"2014-07-23T17:08:59","modified_gmt":"2014-07-23T17:08:59","slug":"una-hilera-de-linternas-bordeo-el-embalse-de-alange","status":"publish","type":"post","link":"https:\/\/blogs.hoy.es\/senderosextremadura\/2014\/07\/23\/una-hilera-de-linternas-bordeo-el-embalse-de-alange\/","title":{"rendered":"Una hilera de linternas borde\u00f3 el embalse de Alange"},"content":{"rendered":"<div id=\"attachment_2776\" style=\"width: 623px\" class=\"wp-caption aligncenter\"><a href=\"https:\/\/blogs.hoy.es\/senderosextremadura\/\"><img aria-describedby=\"caption-attachment-2776\" loading=\"lazy\" class=\" wp-image-2776\" title=\"\" src=\"\/senderosextremadura\/wp-content\/uploads\/sites\/22\/2014\/07\/ruta.jpg\" alt=\"\" width=\"613\" height=\"408\" srcset=\"https:\/\/static-blogs.hoy.es\/wp-content\/uploads\/sites\/22\/2014\/07\/ruta.jpg 1108w, https:\/\/static-blogs.hoy.es\/wp-content\/uploads\/sites\/22\/2014\/07\/ruta-300x200.jpg 300w, https:\/\/static-blogs.hoy.es\/wp-content\/uploads\/sites\/22\/2014\/07\/ruta-768x512.jpg 768w, https:\/\/static-blogs.hoy.es\/wp-content\/uploads\/sites\/22\/2014\/07\/ruta-600x400.jpg 600w\" sizes=\"(max-width: 613px) 100vw, 613px\" \/><\/a><p id=\"caption-attachment-2776\" class=\"wp-caption-text\">Concentraci\u00f3n de senderistas al inicio de la ruta:: JES\u00daS D\u00b4ALANGE<\/p><\/div>\n<p>Por cuarto a\u00f1o consecutivo, la localidad pacense de <strong>Alange<\/strong> acogi\u00f3 el pasado s\u00e1bado d\u00eda 12 de julio la ruta senderista <strong>&#8216;Luna Marinera&#8217;<\/strong>,\u00a0 organizada por la <a href=\"http:\/\/patadelbuey.blogspot.com.es\/\" target=\"_blank\" rel=\"external nofollow\"><strong>Asociaci\u00f3n Senderista y Cultural Pata del Buey<\/strong><\/a>, un itinerario incluido por segunda vez en el <strong>Circuito Senderista<\/strong> &#8216;Camina Extremadura 2014&#8217;. Una marcha que un a\u00f1o m\u00e1s aun\u00f3 deporte, cultura y fiesta.<\/p>\n<p><!--more--><\/p>\n<p>Provistos de bastones y linternas, <strong>m\u00e1s de 500 senderistas<\/strong> procedentes de m\u00faltiples puntos de la regi\u00f3n, y de otras comunidades como Andaluc\u00eda, Madrid, Castilla y Le\u00f3n, Catalu\u00f1a y Pa\u00eds Vasco, se concentraron en la Playa del Embalse de Alange para recorrer 7 km y medio por los puntos m\u00e1s significativos de la poblaci\u00f3n y de su entorno m\u00e1s pr\u00f3ximo.<\/p>\n<p>Destacaron escenas como las <strong>hileras de linternas<\/strong> por el peque\u00f1o <strong>Valle de la Jabata<\/strong>, el encuentro con personajes del Siglo de Oro que promocionaban la recientemente recuperada Fiesta de San Bartolom\u00e9, o el discurrir de los caminantes por el interior del Balneario de Alange para mostrar sus <strong>Termas Romanas<\/strong> declaradas Patrimonio de la Humanidad por la UNESCO con el acompa\u00f1amiento de personajes ataviados de la \u00e9poca.<\/p>\n<div id=\"attachment_2777\" style=\"width: 683px\" class=\"wp-caption aligncenter\"><a href=\"https:\/\/blogs.hoy.es\/senderosextremadura\/\"><img aria-describedby=\"caption-attachment-2777\" loading=\"lazy\" class=\" wp-image-2777\" title=\"\" src=\"\/senderosextremadura\/wp-content\/uploads\/sites\/22\/2014\/07\/ruta2.jpg\" alt=\"\" width=\"673\" height=\"448\" srcset=\"https:\/\/static-blogs.hoy.es\/wp-content\/uploads\/sites\/22\/2014\/07\/ruta2.jpg 1108w, https:\/\/static-blogs.hoy.es\/wp-content\/uploads\/sites\/22\/2014\/07\/ruta2-300x200.jpg 300w, https:\/\/static-blogs.hoy.es\/wp-content\/uploads\/sites\/22\/2014\/07\/ruta2-768x512.jpg 768w, https:\/\/static-blogs.hoy.es\/wp-content\/uploads\/sites\/22\/2014\/07\/ruta2-600x400.jpg 600w\" sizes=\"(max-width: 673px) 100vw, 673px\" \/><\/a><p id=\"caption-attachment-2777\" class=\"wp-caption-text\">Hilera de linternas junto al embalse:: JES\u00daS D\u00b4ALANGE<\/p><\/div>\n<p>En esta edici\u00f3n, con el firme convencimiento de que en el deporte las barreras no juegan, se ha apostado por fomentar la participaci\u00f3n e inclusi\u00f3n de deportistas con diversidad funcional en el desarrollo normal de nuestras actividades. Para ello, se dise\u00f1\u00f3 y ofreci\u00f3 un peque\u00f1o recorrido que sirviera de alternativa para todos aquellos que no se atrevieran con el original, porque nuestro objetivo es el deporte inclusivo, sin conceptuarlo como deporte adaptado. Agradecimientos en ese sentido, a la asociaci\u00f3n invitada, ASPERDIS de La Zarza, por asistir al evento.<\/p>\n<p>Como broche al evento, la \u201csuperluna\u201d llena de julio ofreci\u00f3 su hermoso reflejo plateado sobre las aguas del gran mar interior de Alange mientras todos los asistentes disfrutaron de un aperitivo y animaci\u00f3n hasta altas horas de la\u00a0 madrugada.<\/p>\n<p>&nbsp;<\/p>\n<p>Fuente: <a href=\"http:\/\/www.fexme.com\/portal\/\" target=\"_blank\" rel=\"external nofollow\"><strong>FEXME<\/strong><\/a><\/p>\n<!-- AddThis Advanced Settings generic via filter on the_content --><!-- AddThis Share Buttons generic via filter on the_content -->","protected":false},"excerpt":{"rendered":"<p>Por cuarto a\u00f1o consecutivo, la localidad pacense de Alange acogi\u00f3 el pasado s\u00e1bado d\u00eda 12 de julio la ruta senderista &#8216;Luna Marinera&#8217;,\u00a0 organizada por la Asociaci\u00f3n Senderista y Cultural Pata del Buey, un itinerario incluido por segunda vez en el Circuito Senderista &#8216;Camina Extremadura 2014&#8217;. Una marcha que un a\u00f1o m\u00e1s aun\u00f3 deporte, cultura y [&hellip;]<!-- AddThis Advanced Settings generic via filter on get_the_excerpt --><!-- AddThis Share Buttons generic via filter on get_the_excerpt --><\/p>\n","protected":false},"author":3,"featured_media":0,"comment_status":"open","ping_status":"closed","sticky":false,"template":"","format":"standard","meta":[],"categories":[4],"tags":[20,817,836,906,944],"_links":{"self":[{"href":"https:\/\/blogs.hoy.es\/senderosextremadura\/wp-json\/wp\/v2\/posts\/2771"}],"collection":[{"href":"https:\/\/blogs.hoy.es\/senderosextremadura\/wp-json\/wp\/v2\/posts"}],"about":[{"href":"https:\/\/blogs.hoy.es\/senderosextremadura\/wp-json\/wp\/v2\/types\/post"}],"author":[{"embeddable":true,"href":"https:\/\/blogs.hoy.es\/senderosextremadura\/wp-json\/wp\/v2\/users\/3"}],"replies":[{"embeddable":true,"href":"https:\/\/blogs.hoy.es\/senderosextremadura\/wp-json\/wp\/v2\/comments?post=2771"}],"version-history":[{"count":0,"href":"https:\/\/blogs.hoy.es\/senderosextremadura\/wp-json\/wp\/v2\/posts\/2771\/revisions"}],"wp:attachment":[{"href":"https:\/\/blogs.hoy.es\/senderosextremadura\/wp-json\/wp\/v2\/media?parent=2771"}],"wp:term":[{"taxonomy":"category","embeddable":true,"href":"https:\/\/blogs.hoy.es\/senderosextremadura\/wp-json\/wp\/v2\/categories?post=2771"},{"taxonomy":"post_tag","embeddable":true,"href":"https:\/\/blogs.hoy.es\/senderosextremadura\/wp-json\/wp\/v2\/tags?post=2771"}],"curies":[{"name":"wp","href":"https:\/\/api.w.org\/{rel}","templated":true}]}}