{"id":2773,"date":"2014-07-24T18:27:57","date_gmt":"2014-07-24T18:27:57","guid":{"rendered":"http:\/\/blogs.hoy.es\/senderosextremadura\/?p=2773"},"modified":"2014-07-24T18:27:57","modified_gmt":"2014-07-24T18:27:57","slug":"el-club-placentino-valcorchero-toma-la-laguna-grande-de-gredos-este-fin-de-semana","status":"publish","type":"post","link":"https:\/\/blogs.hoy.es\/senderosextremadura\/2014\/07\/24\/el-club-placentino-valcorchero-toma-la-laguna-grande-de-gredos-este-fin-de-semana\/","title":{"rendered":"El club placentino Valcorchero toma la Laguna Grande de Gredos este fin de semana"},"content":{"rendered":"<p><a href=\"https:\/\/blogs.hoy.es\/senderosextremadura\/\"><img loading=\"lazy\" class=\"aligncenter  wp-image-2774\" title=\"\" src=\"\/senderosextremadura\/wp-content\/uploads\/sites\/22\/2014\/07\/montana_n.jpg\" alt=\"\" width=\"521\" height=\"390\" srcset=\"https:\/\/static-blogs.hoy.es\/wp-content\/uploads\/sites\/22\/2014\/07\/montana_n.jpg 960w, https:\/\/static-blogs.hoy.es\/wp-content\/uploads\/sites\/22\/2014\/07\/montana_n-300x225.jpg 300w, https:\/\/static-blogs.hoy.es\/wp-content\/uploads\/sites\/22\/2014\/07\/montana_n-768x576.jpg 768w, https:\/\/static-blogs.hoy.es\/wp-content\/uploads\/sites\/22\/2014\/07\/montana_n-600x450.jpg 600w\" sizes=\"(max-width: 521px) 100vw, 521px\" \/><\/a><br \/>\nEste fin de semana el<a href=\"http:\/\/www.valcorchero.es\/Actividades%202014.html\" target=\"_blank\" rel=\"external nofollow\"> <strong>Club de Monta\u00f1a Valcorchero de Plasencia<\/strong><\/a> tomar\u00e1 la Laguna Grande de Gredos.<br \/>\nViernes: Aproximaci\u00f3n a la Laguna Grande.<br \/>\nSabado: integral Circo de Gredos (Morez\u00f3n, Hermanitos. Almanzor, Galana, Cabeza Nevada)<br \/>\nDomingo: Subida al Ameal de Pablo y cresteo hasta el Cerro de Los Huertos.<\/p>\n<!-- AddThis Advanced Settings generic via filter on the_content --><!-- AddThis Share Buttons generic via filter on the_content -->","protected":false},"excerpt":{"rendered":"<p>Este fin de semana el Club de Monta\u00f1a Valcorchero de Plasencia tomar\u00e1 la Laguna Grande de Gredos. Viernes: Aproximaci\u00f3n a la Laguna Grande. Sabado: integral Circo de Gredos (Morez\u00f3n, Hermanitos. Almanzor, Galana, Cabeza Nevada) Domingo: Subida al Ameal de Pablo y cresteo hasta el Cerro de Los Huertos.<!-- AddThis Advanced Settings generic via filter on get_the_excerpt --><!-- AddThis Share Buttons generic via filter on get_the_excerpt --><\/p>\n","protected":false},"author":3,"featured_media":0,"comment_status":"open","ping_status":"closed","sticky":false,"template":"","format":"standard","meta":[],"categories":[4],"tags":[121,301,362,1035],"_links":{"self":[{"href":"https:\/\/blogs.hoy.es\/senderosextremadura\/wp-json\/wp\/v2\/posts\/2773"}],"collection":[{"href":"https:\/\/blogs.hoy.es\/senderosextremadura\/wp-json\/wp\/v2\/posts"}],"about":[{"href":"https:\/\/blogs.hoy.es\/senderosextremadura\/wp-json\/wp\/v2\/types\/post"}],"author":[{"embeddable":true,"href":"https:\/\/blogs.hoy.es\/senderosextremadura\/wp-json\/wp\/v2\/users\/3"}],"replies":[{"embeddable":true,"href":"https:\/\/blogs.hoy.es\/senderosextremadura\/wp-json\/wp\/v2\/comments?post=2773"}],"version-history":[{"count":0,"href":"https:\/\/blogs.hoy.es\/senderosextremadura\/wp-json\/wp\/v2\/posts\/2773\/revisions"}],"wp:attachment":[{"href":"https:\/\/blogs.hoy.es\/senderosextremadura\/wp-json\/wp\/v2\/media?parent=2773"}],"wp:term":[{"taxonomy":"category","embeddable":true,"href":"https:\/\/blogs.hoy.es\/senderosextremadura\/wp-json\/wp\/v2\/categories?post=2773"},{"taxonomy":"post_tag","embeddable":true,"href":"https:\/\/blogs.hoy.es\/senderosextremadura\/wp-json\/wp\/v2\/tags?post=2773"}],"curies":[{"name":"wp","href":"https:\/\/api.w.org\/{rel}","templated":true}]}}