{"id":2778,"date":"2014-07-25T18:40:16","date_gmt":"2014-07-25T18:40:16","guid":{"rendered":"http:\/\/blogs.hoy.es\/senderosextremadura\/?p=2778"},"modified":"2014-07-25T18:40:16","modified_gmt":"2014-07-25T18:40:16","slug":"caminata-nocturna-por-el-embalse-de-banos-de-montemayor-1-de-agosto","status":"publish","type":"post","link":"https:\/\/blogs.hoy.es\/senderosextremadura\/2014\/07\/25\/caminata-nocturna-por-el-embalse-de-banos-de-montemayor-1-de-agosto\/","title":{"rendered":"Caminata nocturna por el embalse de Ba\u00f1os de Montemayor (1 de agosto)"},"content":{"rendered":"<div id=\"attachment_2780\" style=\"width: 774px\" class=\"wp-caption aligncenter\"><a href=\"https:\/\/blogs.hoy.es\/senderosextremadura\/\"><img aria-describedby=\"caption-attachment-2780\" loading=\"lazy\" class=\" wp-image-2780\" title=\"\" src=\"\/senderosextremadura\/wp-content\/uploads\/sites\/22\/2014\/07\/ruta3.jpg\" alt=\"\" width=\"764\" height=\"509\" srcset=\"https:\/\/static-blogs.hoy.es\/wp-content\/uploads\/sites\/22\/2014\/07\/ruta3.jpg 1108w, https:\/\/static-blogs.hoy.es\/wp-content\/uploads\/sites\/22\/2014\/07\/ruta3-300x200.jpg 300w, https:\/\/static-blogs.hoy.es\/wp-content\/uploads\/sites\/22\/2014\/07\/ruta3-768x512.jpg 768w, https:\/\/static-blogs.hoy.es\/wp-content\/uploads\/sites\/22\/2014\/07\/ruta3-600x400.jpg 600w\" sizes=\"(max-width: 764px) 100vw, 764px\" \/><\/a><p id=\"caption-attachment-2780\" class=\"wp-caption-text\">Senda de linternas en una ruta nocturna celebrada este mes en Alange<\/p><\/div>\n<p>El pr\u00f3ximo viernes 1 de agosto habr\u00e1 <strong>ruta norturna<\/strong> en la localidad cacere\u00f1a de <strong>Ba\u00f1os de Mayor<\/strong>. Esta actividad est\u00e1 organizada por la Oficina de Turismo del municipio\u00a0 y por el Servicio de Dinamizaci\u00f3n Deportiva de la Mancomunidad. Se trata de una ruta de <strong>12 kil\u00f3metros<\/strong> y dificultad baja.\u00a0 Partir\u00e1 a las 22.00 horas\u00a0 desde la Oficina de Turismo para regresar sobre la 01.00, tras recorrer las orillas del embalse. Los participantes no deben olvidar llevar linterna y chaleco reflectante.<\/p>\n<!-- AddThis Advanced Settings generic via filter on the_content --><!-- AddThis Share Buttons generic via filter on the_content -->","protected":false},"excerpt":{"rendered":"<p>El pr\u00f3ximo viernes 1 de agosto habr\u00e1 ruta norturna en la localidad cacere\u00f1a de Ba\u00f1os de Mayor. Esta actividad est\u00e1 organizada por la Oficina de Turismo del municipio\u00a0 y por el Servicio de Dinamizaci\u00f3n Deportiva de la Mancomunidad. Se trata de una ruta de 12 kil\u00f3metros y dificultad baja.\u00a0 Partir\u00e1 a las 22.00 horas\u00a0 desde [&hellip;]<!-- AddThis Advanced Settings generic via filter on get_the_excerpt --><!-- AddThis Share Buttons generic via filter on get_the_excerpt --><\/p>\n","protected":false},"author":3,"featured_media":0,"comment_status":"open","ping_status":"closed","sticky":false,"template":"","format":"standard","meta":[],"categories":[4],"tags":[819,821,906,1035],"_links":{"self":[{"href":"https:\/\/blogs.hoy.es\/senderosextremadura\/wp-json\/wp\/v2\/posts\/2778"}],"collection":[{"href":"https:\/\/blogs.hoy.es\/senderosextremadura\/wp-json\/wp\/v2\/posts"}],"about":[{"href":"https:\/\/blogs.hoy.es\/senderosextremadura\/wp-json\/wp\/v2\/types\/post"}],"author":[{"embeddable":true,"href":"https:\/\/blogs.hoy.es\/senderosextremadura\/wp-json\/wp\/v2\/users\/3"}],"replies":[{"embeddable":true,"href":"https:\/\/blogs.hoy.es\/senderosextremadura\/wp-json\/wp\/v2\/comments?post=2778"}],"version-history":[{"count":0,"href":"https:\/\/blogs.hoy.es\/senderosextremadura\/wp-json\/wp\/v2\/posts\/2778\/revisions"}],"wp:attachment":[{"href":"https:\/\/blogs.hoy.es\/senderosextremadura\/wp-json\/wp\/v2\/media?parent=2778"}],"wp:term":[{"taxonomy":"category","embeddable":true,"href":"https:\/\/blogs.hoy.es\/senderosextremadura\/wp-json\/wp\/v2\/categories?post=2778"},{"taxonomy":"post_tag","embeddable":true,"href":"https:\/\/blogs.hoy.es\/senderosextremadura\/wp-json\/wp\/v2\/tags?post=2778"}],"curies":[{"name":"wp","href":"https:\/\/api.w.org\/{rel}","templated":true}]}}