{"id":2781,"date":"2014-07-29T08:59:29","date_gmt":"2014-07-29T08:59:29","guid":{"rendered":"http:\/\/blogs.hoy.es\/senderosextremadura\/?p=2781"},"modified":"2014-07-29T08:59:29","modified_gmt":"2014-07-29T08:59:29","slug":"marcha-nocturna-por-el-monte-porrino-8-de-agosto","status":"publish","type":"post","link":"https:\/\/blogs.hoy.es\/senderosextremadura\/2014\/07\/29\/marcha-nocturna-por-el-monte-porrino-8-de-agosto\/","title":{"rendered":"Marcha nocturna por el Monte Porrino (8 de agosto)"},"content":{"rendered":"<div id=\"attachment_2783\" style=\"width: 610px\" class=\"wp-caption aligncenter\"><a href=\"https:\/\/blogs.hoy.es\/senderosextremadura\/\"><img aria-describedby=\"caption-attachment-2783\" loading=\"lazy\" class=\"size-large wp-image-2783\" title=\"\" src=\"\/senderosextremadura\/wp-content\/uploads\/sites\/22\/2014\/07\/senderismo-salvaleon.jpg\" alt=\"\" width=\"600\" height=\"401\" srcset=\"https:\/\/static-blogs.hoy.es\/wp-content\/uploads\/sites\/22\/2014\/07\/senderismo-salvaleon.jpg 2048w, https:\/\/static-blogs.hoy.es\/wp-content\/uploads\/sites\/22\/2014\/07\/senderismo-salvaleon-300x201.jpg 300w, https:\/\/static-blogs.hoy.es\/wp-content\/uploads\/sites\/22\/2014\/07\/senderismo-salvaleon-768x514.jpg 768w, https:\/\/static-blogs.hoy.es\/wp-content\/uploads\/sites\/22\/2014\/07\/senderismo-salvaleon-600x401.jpg 600w\" sizes=\"(max-width: 600px) 100vw, 600px\" \/><\/a><p id=\"caption-attachment-2783\" class=\"wp-caption-text\">Ruta primaveral por el Monte Porrino:: Senderismo Salvale\u00f3n<\/p><\/div>\n<p>Seguimos en Senderos con la programaci\u00f3n estival, reducida y protagonizada casi en exclusiva por el senderismo nocturno. Para el viernes 8 de agosto la <a href=\"https:\/\/www.facebook.com\/ssalvaleon?fref=photo\" target=\"_blank\" rel=\"external nofollow\"><strong>Asoaciaci\u00f3n El Encinar de Salvale\u00f3n<\/strong><\/a> ha programado una ruta de 9 kil\u00f3metros de dificultad baja por la localidad pacense. El itinerario de la ruta es el siguiente:<\/p>\n<p>Salida de la plaza a las 21.30 horas. Desde ah\u00ed se llega hasta el pilar El Coguto y se toma el camino de los &#8216;Praos&#8217; hasta el Monte Porrino, encinar donde los senderistas repondr\u00e1n fuerzas en el pilar de El Barrero. Desde all\u00ed comienza, por el camino principal, el regreso al punto de salida.<\/p>\n<p>&nbsp;<\/p>\n<p>M\u00e1s informaci\u00f3n en <strong>el <\/strong><a href=\"http:\/\/senderismosalvaleon.blogspot.com.es\/\" target=\"_blank\" rel=\"external nofollow\"><strong>blog del club<\/strong><\/a><\/p>\n<p>&nbsp;<\/p>\n<p>&nbsp;<\/p>\n<!-- AddThis Advanced Settings generic via filter on the_content --><!-- AddThis Share Buttons generic via filter on the_content -->","protected":false},"excerpt":{"rendered":"<p>Seguimos en Senderos con la programaci\u00f3n estival, reducida y protagonizada casi en exclusiva por el senderismo nocturno. Para el viernes 8 de agosto la Asoaciaci\u00f3n El Encinar de Salvale\u00f3n ha programado una ruta de 9 kil\u00f3metros de dificultad baja por la localidad pacense. El itinerario de la ruta es el siguiente: Salida de la plaza [&hellip;]<!-- AddThis Advanced Settings generic via filter on get_the_excerpt --><!-- AddThis Share Buttons generic via filter on get_the_excerpt --><\/p>\n","protected":false},"author":27,"featured_media":0,"comment_status":"open","ping_status":"closed","sticky":false,"template":"","format":"standard","meta":[],"categories":[3],"tags":[],"_links":{"self":[{"href":"https:\/\/blogs.hoy.es\/senderosextremadura\/wp-json\/wp\/v2\/posts\/2781"}],"collection":[{"href":"https:\/\/blogs.hoy.es\/senderosextremadura\/wp-json\/wp\/v2\/posts"}],"about":[{"href":"https:\/\/blogs.hoy.es\/senderosextremadura\/wp-json\/wp\/v2\/types\/post"}],"author":[{"embeddable":true,"href":"https:\/\/blogs.hoy.es\/senderosextremadura\/wp-json\/wp\/v2\/users\/27"}],"replies":[{"embeddable":true,"href":"https:\/\/blogs.hoy.es\/senderosextremadura\/wp-json\/wp\/v2\/comments?post=2781"}],"version-history":[{"count":0,"href":"https:\/\/blogs.hoy.es\/senderosextremadura\/wp-json\/wp\/v2\/posts\/2781\/revisions"}],"wp:attachment":[{"href":"https:\/\/blogs.hoy.es\/senderosextremadura\/wp-json\/wp\/v2\/media?parent=2781"}],"wp:term":[{"taxonomy":"category","embeddable":true,"href":"https:\/\/blogs.hoy.es\/senderosextremadura\/wp-json\/wp\/v2\/categories?post=2781"},{"taxonomy":"post_tag","embeddable":true,"href":"https:\/\/blogs.hoy.es\/senderosextremadura\/wp-json\/wp\/v2\/tags?post=2781"}],"curies":[{"name":"wp","href":"https:\/\/api.w.org\/{rel}","templated":true}]}}