{"id":2784,"date":"2014-07-29T18:25:42","date_gmt":"2014-07-29T18:25:42","guid":{"rendered":"http:\/\/blogs.hoy.es\/senderosextremadura\/?p=2784"},"modified":"2014-07-29T18:25:42","modified_gmt":"2014-07-29T18:25:42","slug":"ruta-en-valencia-de-alcantara-para-conocer-la-ermita-de-valbon-31-de-julio","status":"publish","type":"post","link":"https:\/\/blogs.hoy.es\/senderosextremadura\/2014\/07\/29\/ruta-en-valencia-de-alcantara-para-conocer-la-ermita-de-valbon-31-de-julio\/","title":{"rendered":"Valencia de Alc\u00e1ntara invita a conocer su ermita de Valb\u00f3n con una marcha (31 de julio)"},"content":{"rendered":"<p>&nbsp;<\/p>\n<p>La ruta senderista <strong>&#8216;Tras las Huellas de Valb\u00f3n&#8217;<\/strong>\u00a0 recorrer\u00e1 este\u00a0 jueves, 31 de julio, los alrededores de\u00a0<strong> <a href=\"http:\/\/www.valenciadealcantara.es\/\" target=\"_blank\" rel=\"external nofollow\">Valencia de Alc\u00e1ntara<\/a><\/strong> con motivo de la <strong>X Jornadas Medievales &#8216;Boda Regia&#8217;<\/strong>. El objetivo de la marcha es dar a conocer y promover la rehabilitaci\u00f3n de la ermita de Valb\u00f3n, del siglo XVI.<\/p>\n<p><!--more--><\/p>\n<p>La ruta ha sido organizada por el <strong>grupo de Arqueolog\u00eda y Defensa del Patrimonio<\/strong> de Valencia de Alc\u00e1ntara, en colaboraci\u00f3n con el Ayuntamiento de la localidad y la <strong>Mancomunidad Sierra de San Pedro<\/strong>.<\/p>\n<p>Se trata de una marcha sencilla de unos 10 kil\u00f3metros, que se podr\u00e1 recorrer en poco m\u00e1s de dos horas y media.<\/p>\n<p>El itinerario comenzar\u00e1 a las 8.30 horas desde el <strong>Paseo San Francisco<\/strong> de Valencia de Alc\u00e1ntara y los participantes disfrutar\u00e1n de una<strong> ruta did\u00e1ctica<\/strong> con una charla coloquio con investigadores y profesores universitarios y tambi\u00e9n de un rally fotogr\u00e1fico denominado &#8220;Valb\u00f3n y su entorno&#8221;.<\/p>\n<p>La\u00a0 ruta surge como una actividad m\u00e1s para promover la rehabilitaci\u00f3n de la ermita de Valb\u00f3n, situada en el cerro del mismo nombre. Es una construcci\u00f3n de estilo g\u00f3tico que aunque en muy mal estado de conservaci\u00f3n sigue siendo muy visitada y admirada por todos, ha indicado.<\/p>\n<p>El secretario del colectivo ha manifestado que ya tienen el permiso de la Iglesia para actuar en el edificio, aunque resta el de Patrimonio para poder empezar a retirar escombros de la zona y localizar sillares.<\/p>\n<p>La organizaci\u00f3n prev\u00e9 la participar\u00e1n una treintena de personas. La ruta senderista &#8220;Tras las Huellas de Valb\u00f3n&#8221; recorrer\u00e1 el pr\u00f3ximo jueves, 31 de julio, los alrededores de la localidad cacere\u00f1a de Valencia de Alc\u00e1ntara con motivo de la X Jornadas Medievales &#8216;Boda Regia&#8217; y con el objetivo de dar a conocer y promover la rehabilitaci\u00f3n de la ermita de Valb\u00f3n, del siglo XVI.<\/p>\n<p>Se trata de la primera vez que se desarrollar\u00e1 esta ruta, organizada por el grupo de Arqueolog\u00eda y Defensa del Patrimonio de Valencia de Alc\u00e1ntara, en colaboraci\u00f3n con el Ayuntamiento de la localidad y la Mancomunidad Sierra de San Pedro.<\/p>\n<p>Seg\u00fan ha explicado el secretario del grupo arqueol\u00f3gico, Jes\u00fas Facenda, se trata de una ruta sencilla, de unos 10 kil\u00f3metros, que se podr\u00e1 recorrer en poco m\u00e1s de dos horas y media.<\/p>\n<p>El itinerario comenzar\u00e1 a las 8.30 horas desde el Paseo San Francisco de Valencia de Alc\u00e1ntara y los participantes disfrutar\u00e1n de una ruta did\u00e1ctica con una charla coloquio con investigadores y profesores universitarios y tambi\u00e9n de un rally fotogr\u00e1fico denominado &#8220;Valb\u00f3n y su entorno&#8221;.<\/p>\n<p>Facenda ha subrayado que la ruta surge como una actividad m\u00e1s para promover la rehabilitaci\u00f3n de la ermita de Valb\u00f3n, situada en el cerro del mismo nombre de Valencia de Alcantara.<\/p>\n<p>Es una construcci\u00f3n de estilo g\u00f3tico que aunque en muy mal estado de conservaci\u00f3n sigue siendo muy visitada y admirada por todos, ha indicado.<\/p>\n<p>El secretario del colectivo ha manifestado que ya tienen el permiso de la Iglesia para actuar en el edificio, aunque resta el de Patrimonio para poder empezar a retirar escombros de la zona y localizar sillares.<\/p>\n<p>La organizaci\u00f3n prev\u00e9 la participar\u00e1n una treintena de personas.<\/p>\n<p>&nbsp;<\/p>\n<!-- AddThis Advanced Settings generic via filter on the_content --><!-- AddThis Share Buttons generic via filter on the_content -->","protected":false},"excerpt":{"rendered":"<p>&nbsp; La ruta senderista &#8216;Tras las Huellas de Valb\u00f3n&#8217;\u00a0 recorrer\u00e1 este\u00a0 jueves, 31 de julio, los alrededores de\u00a0 Valencia de Alc\u00e1ntara con motivo de la X Jornadas Medievales &#8216;Boda Regia&#8217;. El objetivo de la marcha es dar a conocer y promover la rehabilitaci\u00f3n de la ermita de Valb\u00f3n, del siglo XVI.<!-- AddThis Advanced Settings generic via filter on get_the_excerpt --><!-- AddThis Share Buttons generic via filter on get_the_excerpt --><\/p>\n","protected":false},"author":3,"featured_media":0,"comment_status":"open","ping_status":"closed","sticky":false,"template":"","format":"standard","meta":[],"categories":[4],"tags":[821,836,917,1035,1055],"_links":{"self":[{"href":"https:\/\/blogs.hoy.es\/senderosextremadura\/wp-json\/wp\/v2\/posts\/2784"}],"collection":[{"href":"https:\/\/blogs.hoy.es\/senderosextremadura\/wp-json\/wp\/v2\/posts"}],"about":[{"href":"https:\/\/blogs.hoy.es\/senderosextremadura\/wp-json\/wp\/v2\/types\/post"}],"author":[{"embeddable":true,"href":"https:\/\/blogs.hoy.es\/senderosextremadura\/wp-json\/wp\/v2\/users\/3"}],"replies":[{"embeddable":true,"href":"https:\/\/blogs.hoy.es\/senderosextremadura\/wp-json\/wp\/v2\/comments?post=2784"}],"version-history":[{"count":0,"href":"https:\/\/blogs.hoy.es\/senderosextremadura\/wp-json\/wp\/v2\/posts\/2784\/revisions"}],"wp:attachment":[{"href":"https:\/\/blogs.hoy.es\/senderosextremadura\/wp-json\/wp\/v2\/media?parent=2784"}],"wp:term":[{"taxonomy":"category","embeddable":true,"href":"https:\/\/blogs.hoy.es\/senderosextremadura\/wp-json\/wp\/v2\/categories?post=2784"},{"taxonomy":"post_tag","embeddable":true,"href":"https:\/\/blogs.hoy.es\/senderosextremadura\/wp-json\/wp\/v2\/tags?post=2784"}],"curies":[{"name":"wp","href":"https:\/\/api.w.org\/{rel}","templated":true}]}}