{"id":2790,"date":"2014-08-04T17:45:26","date_gmt":"2014-08-04T17:45:26","guid":{"rendered":"http:\/\/blogs.hoy.es\/senderosextremadura\/?p=2790"},"modified":"2014-08-04T17:45:26","modified_gmt":"2014-08-04T17:45:26","slug":"villafranca-acoge-este-sabado-la-xii-marcha-luna-de-agosto","status":"publish","type":"post","link":"https:\/\/blogs.hoy.es\/senderosextremadura\/2014\/08\/04\/villafranca-acoge-este-sabado-la-xii-marcha-luna-de-agosto\/","title":{"rendered":"Villafranca acoge este s\u00e1bado la XII Marcha Luna de Agosto"},"content":{"rendered":"<p><a href=\"https:\/\/blogs.hoy.es\/senderosextremadura\/\"><img loading=\"lazy\" class=\"aligncenter  wp-image-2792\" title=\"\" src=\"\/senderosextremadura\/wp-content\/uploads\/sites\/22\/2014\/08\/asociaci\u00f3n-senderista_1.jpg\" alt=\"\" width=\"553\" height=\"311\" srcset=\"https:\/\/static-blogs.hoy.es\/wp-content\/uploads\/sites\/22\/2014\/08\/asociaci\u00f3n-senderista_1.jpg 797w, https:\/\/static-blogs.hoy.es\/wp-content\/uploads\/sites\/22\/2014\/08\/asociaci\u00f3n-senderista_1-300x169.jpg 300w, https:\/\/static-blogs.hoy.es\/wp-content\/uploads\/sites\/22\/2014\/08\/asociaci\u00f3n-senderista_1-768x433.jpg 768w, https:\/\/static-blogs.hoy.es\/wp-content\/uploads\/sites\/22\/2014\/08\/asociaci\u00f3n-senderista_1-600x338.jpg 600w\" sizes=\"(max-width: 553px) 100vw, 553px\" \/><\/a><\/p>\n<p>El s\u00e1bado 9 de agosto partir\u00e1 desde la Plaza de Espa\u00f1a de <a href=\"http:\/\/www.hoyvillafranca.es\/\" target=\"_blank\" rel=\"external nofollow\"><strong>Villafranca de los Barros<\/strong><\/a> la <strong>XII Marcha Luna de Agosto<\/strong>, que organiza y patrocina el Ayuntamiento de la localidad \u00a0y la propia asociaci\u00f3n senderista, que cuenta con la colaboraci\u00f3n de Protecci\u00f3n Civil que acompa\u00f1ar\u00e1 a los participantes durante toda la ruta.<\/p>\n<p><!--more--><\/p>\n<p>La expedici\u00f3n saldr\u00e1 a las 9 de la noche y realizar\u00e1 una ruta nocturna sobre una distancia de 15 kil\u00f3metros (de dificultad baja) por algunos de los caminos de los alrededores de la poblaci\u00f3n. A mitad de camino, los senderistas realizar\u00e1n una parada para reponer fuerzas con unos refrescos que ser\u00e1n ofrecidos por la misma asociaci\u00f3n senderista. La llegada est\u00e1 prevista a la 1 de la madrugada.<\/p>\n<p>Los organizadores de esta nueva experiencia, que se lleva a cabo por duod\u00e9cimo a\u00f1o consecutivo, recomiendan llevar ropa c\u00f3moda, calzado adecuado, agua, comida y una linterna. Se trata de un ruta apta para todas las edades (incluido menores), tanto para socios como no socios de la Asociaci\u00f3n Senderista \u201cLuna de Agosto\u201d de Villafranca.<\/p>\n<p>Fuente: Antonio Ortiz, corresponsal de <a href=\"http:\/\/www.hoyvillafranca.es\/\" target=\"_blank\" rel=\"external nofollow\"><strong>HOY Villafranca<\/strong><\/a><\/p>\n<!-- AddThis Advanced Settings generic via filter on the_content --><!-- AddThis Share Buttons generic via filter on the_content -->","protected":false},"excerpt":{"rendered":"<p>El s\u00e1bado 9 de agosto partir\u00e1 desde la Plaza de Espa\u00f1a de Villafranca de los Barros la XII Marcha Luna de Agosto, que organiza y patrocina el Ayuntamiento de la localidad \u00a0y la propia asociaci\u00f3n senderista, que cuenta con la colaboraci\u00f3n de Protecci\u00f3n Civil que acompa\u00f1ar\u00e1 a los participantes durante toda la ruta.<!-- AddThis Advanced Settings generic via filter on get_the_excerpt --><!-- AddThis Share Buttons generic via filter on get_the_excerpt --><\/p>\n","protected":false},"author":3,"featured_media":0,"comment_status":"open","ping_status":"closed","sticky":false,"template":"","format":"standard","meta":[],"categories":[4],"tags":[482,817,836,906,1082],"_links":{"self":[{"href":"https:\/\/blogs.hoy.es\/senderosextremadura\/wp-json\/wp\/v2\/posts\/2790"}],"collection":[{"href":"https:\/\/blogs.hoy.es\/senderosextremadura\/wp-json\/wp\/v2\/posts"}],"about":[{"href":"https:\/\/blogs.hoy.es\/senderosextremadura\/wp-json\/wp\/v2\/types\/post"}],"author":[{"embeddable":true,"href":"https:\/\/blogs.hoy.es\/senderosextremadura\/wp-json\/wp\/v2\/users\/3"}],"replies":[{"embeddable":true,"href":"https:\/\/blogs.hoy.es\/senderosextremadura\/wp-json\/wp\/v2\/comments?post=2790"}],"version-history":[{"count":0,"href":"https:\/\/blogs.hoy.es\/senderosextremadura\/wp-json\/wp\/v2\/posts\/2790\/revisions"}],"wp:attachment":[{"href":"https:\/\/blogs.hoy.es\/senderosextremadura\/wp-json\/wp\/v2\/media?parent=2790"}],"wp:term":[{"taxonomy":"category","embeddable":true,"href":"https:\/\/blogs.hoy.es\/senderosextremadura\/wp-json\/wp\/v2\/categories?post=2790"},{"taxonomy":"post_tag","embeddable":true,"href":"https:\/\/blogs.hoy.es\/senderosextremadura\/wp-json\/wp\/v2\/tags?post=2790"}],"curies":[{"name":"wp","href":"https:\/\/api.w.org\/{rel}","templated":true}]}}