{"id":2796,"date":"2014-08-07T12:12:05","date_gmt":"2014-08-07T12:12:05","guid":{"rendered":"http:\/\/blogs.hoy.es\/senderosextremadura\/?p=2796"},"modified":"2014-08-07T12:12:05","modified_gmt":"2014-08-07T12:12:05","slug":"la-zarza-invita-a-participar-en-su-ruta-8-de-agosto","status":"publish","type":"post","link":"https:\/\/blogs.hoy.es\/senderosextremadura\/2014\/08\/07\/la-zarza-invita-a-participar-en-su-ruta-8-de-agosto\/","title":{"rendered":"La Zarza invita a participar en su ruta &#039;Luna del Emigrante&#039; (8 de agosto)"},"content":{"rendered":"<p><a href=\"https:\/\/blogs.hoy.es\/senderosextremadura\/\"><img loading=\"lazy\" class=\"aligncenter size-full wp-image-2798\" title=\"\" src=\"\/senderosextremadura\/wp-content\/uploads\/sites\/22\/2014\/08\/zarza.jpg\" alt=\"\" width=\"275\" height=\"183\" \/><\/a><\/p>\n<p>El <a href=\"http:\/\/sendezarza.blogspot.com.es\/\" target=\"_blank\" rel=\"external nofollow\"><strong>Club de Senderismo &#8216;Pe\u00f1as Blancas<\/strong><\/a>&#8216;, con la colaboraci\u00f3n del Ayuntamiento de La Zarza, organiza este viernes, d\u00eda 8 de agosto, la VII edici\u00f3n de la <strong>marcha nocturna &#8216;Luna del Emigrante&#8217;.<\/strong><\/p>\n<p>Esta prueba forma parte del programa de actividades &#8216;Vive la noche&#8217; que el consistorio local ha dise\u00f1ado para el presente per\u00edodo estival.<\/p>\n<p><!--more--><br \/>\nEl club Pe\u00f1as Blancas, aprovechando la presencia de numerosos visitantes por estas fechas en la localidad, invita a todas aquellas personas aficionadas al senderismo a disfrutar de la belleza de la noche acompa\u00f1ados de la luna llena.<\/p>\n<p>El recorrido es de 13 kil\u00f3metros tiene una dificultad media-baja. La ruta transcurrir\u00e1 por las inmediaciones de La Zarza, pasando por parajes tan conocidos en la zona como la mina de tierrablanca o la sierra de Juan Bueno.<\/p>\n<p>La salida est\u00e1 prevista para las diez de la noche desde el Parque Municipal. La participaci\u00f3n es gratuita y los interesados s\u00f3lo tienen que presentarse en el lugar y hora indicados.<\/p>\n<p>&nbsp;<\/p>\n<p>Para m\u00e1s informaci\u00f3n, <a href=\"http:\/\/sendezarza.blogspot.com.es\/\" target=\"_blank\" rel=\"external nofollow\"><strong>contactar con el club<\/strong><\/a>.<\/p>\n<!-- AddThis Advanced Settings generic via filter on the_content --><!-- AddThis Share Buttons generic via filter on the_content -->","protected":false},"excerpt":{"rendered":"<p>El Club de Senderismo &#8216;Pe\u00f1as Blancas&#8216;, con la colaboraci\u00f3n del Ayuntamiento de La Zarza, organiza este viernes, d\u00eda 8 de agosto, la VII edici\u00f3n de la marcha nocturna &#8216;Luna del Emigrante&#8217;. Esta prueba forma parte del programa de actividades &#8216;Vive la noche&#8217; que el consistorio local ha dise\u00f1ado para el presente per\u00edodo estival.<!-- AddThis Advanced Settings generic via filter on get_the_excerpt --><!-- AddThis Share Buttons generic via filter on get_the_excerpt --><\/p>\n","protected":false},"author":27,"featured_media":0,"comment_status":"open","ping_status":"closed","sticky":false,"template":"","format":"standard","meta":[],"categories":[4],"tags":[817,836,855,906,1035],"_links":{"self":[{"href":"https:\/\/blogs.hoy.es\/senderosextremadura\/wp-json\/wp\/v2\/posts\/2796"}],"collection":[{"href":"https:\/\/blogs.hoy.es\/senderosextremadura\/wp-json\/wp\/v2\/posts"}],"about":[{"href":"https:\/\/blogs.hoy.es\/senderosextremadura\/wp-json\/wp\/v2\/types\/post"}],"author":[{"embeddable":true,"href":"https:\/\/blogs.hoy.es\/senderosextremadura\/wp-json\/wp\/v2\/users\/27"}],"replies":[{"embeddable":true,"href":"https:\/\/blogs.hoy.es\/senderosextremadura\/wp-json\/wp\/v2\/comments?post=2796"}],"version-history":[{"count":0,"href":"https:\/\/blogs.hoy.es\/senderosextremadura\/wp-json\/wp\/v2\/posts\/2796\/revisions"}],"wp:attachment":[{"href":"https:\/\/blogs.hoy.es\/senderosextremadura\/wp-json\/wp\/v2\/media?parent=2796"}],"wp:term":[{"taxonomy":"category","embeddable":true,"href":"https:\/\/blogs.hoy.es\/senderosextremadura\/wp-json\/wp\/v2\/categories?post=2796"},{"taxonomy":"post_tag","embeddable":true,"href":"https:\/\/blogs.hoy.es\/senderosextremadura\/wp-json\/wp\/v2\/tags?post=2796"}],"curies":[{"name":"wp","href":"https:\/\/api.w.org\/{rel}","templated":true}]}}