{"id":2806,"date":"2014-09-10T08:47:17","date_gmt":"2014-09-10T08:47:17","guid":{"rendered":"http:\/\/blogs.hoy.es\/senderosextremadura\/?p=2806"},"modified":"2014-09-10T08:47:17","modified_gmt":"2014-09-10T08:47:17","slug":"el-alpargatazo-solidario-de-la-vereina-recorrera-el-jerte-el-27-de-septiembre","status":"publish","type":"post","link":"https:\/\/blogs.hoy.es\/senderosextremadura\/2014\/09\/10\/el-alpargatazo-solidario-de-la-vereina-recorrera-el-jerte-el-27-de-septiembre\/","title":{"rendered":"El &#039;Alpargatazo&#039; solidario de La Vere\u00edna recorrer\u00e1 el Jerte el 27 de septiembre"},"content":{"rendered":"<p><a href=\"https:\/\/blogs.hoy.es\/senderosextremadura\/\"><img loading=\"lazy\" class=\"aligncenter  wp-image-2808\" title=\"\" src=\"\/senderosextremadura\/wp-content\/uploads\/sites\/22\/2014\/09\/alpargatada.jpg\" alt=\"\" width=\"277\" height=\"391\" srcset=\"https:\/\/static-blogs.hoy.es\/wp-content\/uploads\/sites\/22\/2014\/09\/alpargatada.jpg 678w, https:\/\/static-blogs.hoy.es\/wp-content\/uploads\/sites\/22\/2014\/09\/alpargatada-212x300.jpg 212w, https:\/\/static-blogs.hoy.es\/wp-content\/uploads\/sites\/22\/2014\/09\/alpargatada-600x850.jpg 600w\" sizes=\"(max-width: 277px) 100vw, 277px\" \/><\/a><\/p>\n<p>El Club Deportivo<strong> <a href=\"http:\/\/www.lavereina.es\/\" target=\"_blank\" rel=\"external nofollow\">La Vere\u00edna de C\u00e1ceres<\/a><\/strong> inicia un nuevo calendario senderista con su <a href=\"http:\/\/www.lavereina.es\/marcha_solidaria.html\" target=\"_blank\" rel=\"external nofollow\"><strong>III Marcha Solidaria<\/strong><\/a>. El &#8216;Alpargatazo&#8217; recorrer\u00e1 el <strong>Valle del Jerte<\/strong> el pr\u00f3ximo 27 de septiembre. En esta ocasi\u00f3n el fin es recaudar dinero a favor de la <strong>Asociaci\u00f3n Espa\u00f1ola contra el C\u00e1ncer<\/strong> (Junta Provincial de C\u00e1ceres).\u00a0Tras los \u00e9xitos de las marchas solidarias por Guadalupe y la Sierra de Gata, en esta ocasi\u00f3n La Vere\u00edna nos invita a participar en un &#8216;alpargatazo&#8217; de <strong>19 kil\u00f3metros<\/strong> entre las localidades de <strong>El Torno y Cabezabellosa<\/strong>. La jornada arrancar\u00e1 a las diez de la ma\u00f1ana con un desayuno en la plaza de El Torno, conocido como el &#8216;balc\u00f3n&#8217; del Jerte por sus vistas del valle.\u00a0 Tambi\u00e9n se podr\u00e1 realizar un &#8216;pase\u00edno&#8217; de 4 kil\u00f3metros con final en <strong>Cabezuela<\/strong>, destino de ambos recorridos.<\/p>\n<p><!--more--><\/p>\n<p>El periodo de inscripci\u00f3n est\u00e1 abierto hasta el d\u00eda 25 de septiembre y todos los participantes pueden realizar su aportaci\u00f3n de diez euros, que ser\u00e1 donada \u00edntegramente a la AECC. El ingreso se puede realizar consultando los datos <a href=\"http:\/\/www.deporticket.com\/dpk-detalle-evento\/evento\/1422-iii-marcha-solidaria-a-favor-de-la-aecc\" target=\"_blank\" rel=\"external nofollow\"><strong>a trav\u00e9s de este enlace.<\/strong><\/a> Tambi\u00e9n es posible colaborar desde casa con un dorsal solidario.<\/p>\n<p>&nbsp;<\/p>\n<p>M\u00e1s informaci\u00f3n de la ruta <a href=\"http:\/\/www.lavereina.es\/marcha_solidaria.html\" rel=\"external nofollow\"><strong>en la web del club.<\/strong><\/a><\/p>\n<p>&nbsp;<\/p>\n<!-- AddThis Advanced Settings generic via filter on the_content --><!-- AddThis Share Buttons generic via filter on the_content -->","protected":false},"excerpt":{"rendered":"<p>El Club Deportivo La Vere\u00edna de C\u00e1ceres inicia un nuevo calendario senderista con su III Marcha Solidaria. El &#8216;Alpargatazo&#8217; recorrer\u00e1 el Valle del Jerte el pr\u00f3ximo 27 de septiembre. En esta ocasi\u00f3n el fin es recaudar dinero a favor de la Asociaci\u00f3n Espa\u00f1ola contra el C\u00e1ncer (Junta Provincial de C\u00e1ceres).\u00a0Tras los \u00e9xitos de las marchas [&hellip;]<!-- AddThis Advanced Settings generic via filter on get_the_excerpt --><!-- AddThis Share Buttons generic via filter on get_the_excerpt --><\/p>\n","protected":false},"author":27,"featured_media":0,"comment_status":"open","ping_status":"closed","sticky":false,"template":"","format":"standard","meta":[],"categories":[4],"tags":[43,121,301,401,435,906,1063],"_links":{"self":[{"href":"https:\/\/blogs.hoy.es\/senderosextremadura\/wp-json\/wp\/v2\/posts\/2806"}],"collection":[{"href":"https:\/\/blogs.hoy.es\/senderosextremadura\/wp-json\/wp\/v2\/posts"}],"about":[{"href":"https:\/\/blogs.hoy.es\/senderosextremadura\/wp-json\/wp\/v2\/types\/post"}],"author":[{"embeddable":true,"href":"https:\/\/blogs.hoy.es\/senderosextremadura\/wp-json\/wp\/v2\/users\/27"}],"replies":[{"embeddable":true,"href":"https:\/\/blogs.hoy.es\/senderosextremadura\/wp-json\/wp\/v2\/comments?post=2806"}],"version-history":[{"count":0,"href":"https:\/\/blogs.hoy.es\/senderosextremadura\/wp-json\/wp\/v2\/posts\/2806\/revisions"}],"wp:attachment":[{"href":"https:\/\/blogs.hoy.es\/senderosextremadura\/wp-json\/wp\/v2\/media?parent=2806"}],"wp:term":[{"taxonomy":"category","embeddable":true,"href":"https:\/\/blogs.hoy.es\/senderosextremadura\/wp-json\/wp\/v2\/categories?post=2806"},{"taxonomy":"post_tag","embeddable":true,"href":"https:\/\/blogs.hoy.es\/senderosextremadura\/wp-json\/wp\/v2\/tags?post=2806"}],"curies":[{"name":"wp","href":"https:\/\/api.w.org\/{rel}","templated":true}]}}