{"id":2809,"date":"2014-09-11T12:07:24","date_gmt":"2014-09-11T12:07:24","guid":{"rendered":"http:\/\/blogs.hoy.es\/senderosextremadura\/?p=2809"},"modified":"2014-09-11T12:07:24","modified_gmt":"2014-09-11T12:07:24","slug":"ruta-nocturna-del-club-del-caminante-por-la-margen-del-rio-13-de-septiembre","status":"publish","type":"post","link":"https:\/\/blogs.hoy.es\/senderosextremadura\/2014\/09\/11\/ruta-nocturna-del-club-del-caminante-por-la-margen-del-rio-13-de-septiembre\/","title":{"rendered":"Ruta nocturna del Club del Caminante por la margen del r\u00edo (13 de septiembre)"},"content":{"rendered":"<p>El <strong>Club del Caminante de Badajoz<\/strong> ha organizado para este s\u00e1bado una ruta nocturna por la margen izquierda del Guadiana.\u00a0 La salida tendr\u00e1 lugar a las 21:00 horas desde el Ancla. Desde la avenida Santa Marina se pasar\u00e1 debajo del Puente de la Universidad y por un camino paralelo al r\u00edo llegar\u00e1n al Puente Real, desde donde los participantes se encaminar\u00e1n al Azud del Guadiana. Siguiendo por un precioso camino paralelo al Guadiana hasta llegar al Charco de los Pollos, donde los caminantes se podr\u00e1n recrear con unas preciosas vistas del Guadiana. Volviendo por el mismo camino de vuelta hasta llegar a la altura del Complejo Deportivo de la Granadilla, por un camino que gira a derecha llegar\u00e1n al Complejo y por la carretera de la Granadilla, llegaremos a la rotonda de Sinforiano Madro\u00f1ero y avenida del Per\u00fa, la de Col\u00f3n,\u00a0 Santa Marina a llegar al Ancla donde daremos por finalizada la ruta. El recorrido aproximado es de 14,5 Kms.<\/p>\n<!-- AddThis Advanced Settings generic via filter on the_content --><!-- AddThis Share Buttons generic via filter on the_content -->","protected":false},"excerpt":{"rendered":"<p>El Club del Caminante de Badajoz ha organizado para este s\u00e1bado una ruta nocturna por la margen izquierda del Guadiana.\u00a0 La salida tendr\u00e1 lugar a las 21:00 horas desde el Ancla. Desde la avenida Santa Marina se pasar\u00e1 debajo del Puente de la Universidad y por un camino paralelo al r\u00edo llegar\u00e1n al Puente Real, [&hellip;]<!-- AddThis Advanced Settings generic via filter on get_the_excerpt --><!-- AddThis Share Buttons generic via filter on get_the_excerpt --><\/p>\n","protected":false},"author":27,"featured_media":0,"comment_status":"open","ping_status":"closed","sticky":false,"template":"","format":"standard","meta":[],"categories":[4],"tags":[],"_links":{"self":[{"href":"https:\/\/blogs.hoy.es\/senderosextremadura\/wp-json\/wp\/v2\/posts\/2809"}],"collection":[{"href":"https:\/\/blogs.hoy.es\/senderosextremadura\/wp-json\/wp\/v2\/posts"}],"about":[{"href":"https:\/\/blogs.hoy.es\/senderosextremadura\/wp-json\/wp\/v2\/types\/post"}],"author":[{"embeddable":true,"href":"https:\/\/blogs.hoy.es\/senderosextremadura\/wp-json\/wp\/v2\/users\/27"}],"replies":[{"embeddable":true,"href":"https:\/\/blogs.hoy.es\/senderosextremadura\/wp-json\/wp\/v2\/comments?post=2809"}],"version-history":[{"count":0,"href":"https:\/\/blogs.hoy.es\/senderosextremadura\/wp-json\/wp\/v2\/posts\/2809\/revisions"}],"wp:attachment":[{"href":"https:\/\/blogs.hoy.es\/senderosextremadura\/wp-json\/wp\/v2\/media?parent=2809"}],"wp:term":[{"taxonomy":"category","embeddable":true,"href":"https:\/\/blogs.hoy.es\/senderosextremadura\/wp-json\/wp\/v2\/categories?post=2809"},{"taxonomy":"post_tag","embeddable":true,"href":"https:\/\/blogs.hoy.es\/senderosextremadura\/wp-json\/wp\/v2\/tags?post=2809"}],"curies":[{"name":"wp","href":"https:\/\/api.w.org\/{rel}","templated":true}]}}