{"id":2811,"date":"2014-09-22T15:37:33","date_gmt":"2014-09-22T15:37:33","guid":{"rendered":"http:\/\/blogs.hoy.es\/senderosextremadura\/?p=2811"},"modified":"2014-09-22T15:37:33","modified_gmt":"2014-09-22T15:37:33","slug":"una-circular-de-25-kilometros-rodeara-la-sierra-de-alor-28-de-septiembre","status":"publish","type":"post","link":"https:\/\/blogs.hoy.es\/senderosextremadura\/2014\/09\/22\/una-circular-de-25-kilometros-rodeara-la-sierra-de-alor-28-de-septiembre\/","title":{"rendered":"Una circular de 25 kil\u00f3metros rodear\u00e1 la Sierra de Alor (28 de septiembre)"},"content":{"rendered":"<p><a href=\"http:\/\/blogs.hoy.es\/\"><img loading=\"lazy\" class=\"aligncenter  wp-image-2813\" title=\"\" src=\"\/senderosextremadura\/wp-content\/uploads\/sites\/22\/2014\/09\/ruta.jpg\" alt=\"\" width=\"274\" height=\"274\" srcset=\"https:\/\/static-blogs.hoy.es\/wp-content\/uploads\/sites\/22\/2014\/09\/ruta.jpg 960w, https:\/\/static-blogs.hoy.es\/wp-content\/uploads\/sites\/22\/2014\/09\/ruta-150x150.jpg 150w, https:\/\/static-blogs.hoy.es\/wp-content\/uploads\/sites\/22\/2014\/09\/ruta-300x300.jpg 300w, https:\/\/static-blogs.hoy.es\/wp-content\/uploads\/sites\/22\/2014\/09\/ruta-768x768.jpg 768w, https:\/\/static-blogs.hoy.es\/wp-content\/uploads\/sites\/22\/2014\/09\/ruta-600x600.jpg 600w\" sizes=\"(max-width: 274px) 100vw, 274px\" \/><\/a><\/p>\n<p>El <a href=\"http:\/\/clubsenderistaolivenza.es\/\" target=\"_blank\" rel=\"external nofollow\"><strong>club Prisi\u00f1as de Olivenza<\/strong><\/a> ha programado una nueva ruta senderista. Se trata de una <strong>marcha circular de 25 kil\u00f3metros<\/strong> que rodear\u00e1 el pr\u00f3ximo domingo toda la<strong> Sierra de Alor<\/strong>. La salida tendr\u00e1 lugar a las ocho de la ma\u00f1ana desde Los Arcos. La dificultad es media y la participaci\u00f3n est\u00e1 abierta a todo el mundo.<\/p>\n<!-- AddThis Advanced Settings generic via filter on the_content --><!-- AddThis Share Buttons generic via filter on the_content -->","protected":false},"excerpt":{"rendered":"<p>El club Prisi\u00f1as de Olivenza ha programado una nueva ruta senderista. Se trata de una marcha circular de 25 kil\u00f3metros que rodear\u00e1 el pr\u00f3ximo domingo toda la Sierra de Alor. La salida tendr\u00e1 lugar a las ocho de la ma\u00f1ana desde Los Arcos. La dificultad es media y la participaci\u00f3n est\u00e1 abierta a todo el [&hellip;]<!-- AddThis Advanced Settings generic via filter on get_the_excerpt --><!-- AddThis Share Buttons generic via filter on get_the_excerpt --><\/p>\n","protected":false},"author":3,"featured_media":0,"comment_status":"open","ping_status":"closed","sticky":false,"template":"","format":"standard","meta":[],"categories":[4],"tags":[220,587,873,906,910,917,1035],"_links":{"self":[{"href":"https:\/\/blogs.hoy.es\/senderosextremadura\/wp-json\/wp\/v2\/posts\/2811"}],"collection":[{"href":"https:\/\/blogs.hoy.es\/senderosextremadura\/wp-json\/wp\/v2\/posts"}],"about":[{"href":"https:\/\/blogs.hoy.es\/senderosextremadura\/wp-json\/wp\/v2\/types\/post"}],"author":[{"embeddable":true,"href":"https:\/\/blogs.hoy.es\/senderosextremadura\/wp-json\/wp\/v2\/users\/3"}],"replies":[{"embeddable":true,"href":"https:\/\/blogs.hoy.es\/senderosextremadura\/wp-json\/wp\/v2\/comments?post=2811"}],"version-history":[{"count":0,"href":"https:\/\/blogs.hoy.es\/senderosextremadura\/wp-json\/wp\/v2\/posts\/2811\/revisions"}],"wp:attachment":[{"href":"https:\/\/blogs.hoy.es\/senderosextremadura\/wp-json\/wp\/v2\/media?parent=2811"}],"wp:term":[{"taxonomy":"category","embeddable":true,"href":"https:\/\/blogs.hoy.es\/senderosextremadura\/wp-json\/wp\/v2\/categories?post=2811"},{"taxonomy":"post_tag","embeddable":true,"href":"https:\/\/blogs.hoy.es\/senderosextremadura\/wp-json\/wp\/v2\/tags?post=2811"}],"curies":[{"name":"wp","href":"https:\/\/api.w.org\/{rel}","templated":true}]}}