{"id":2816,"date":"2014-09-22T17:07:38","date_gmt":"2014-09-22T17:07:38","guid":{"rendered":"http:\/\/blogs.hoy.es\/senderosextremadura\/?p=2816"},"modified":"2014-09-22T17:07:38","modified_gmt":"2014-09-22T17:07:38","slug":"bejar-banos-de-montemayor-y-hervas-homenajearan-con-una-ruta-a-la-via-de-la-plata-5-de-octubre","status":"publish","type":"post","link":"https:\/\/blogs.hoy.es\/senderosextremadura\/2014\/09\/22\/bejar-banos-de-montemayor-y-hervas-homenajearan-con-una-ruta-a-la-via-de-la-plata-5-de-octubre\/","title":{"rendered":"B\u00e9jar, Ba\u00f1os de Montemayor y Herv\u00e1s homenajear\u00e1n con una ruta a la V\u00eda de la Plata (5 de octubre)"},"content":{"rendered":"<p>Ba\u00f1os de Montemayor, Herv\u00e1s y B\u00e9jar se unen para celebrar con una marcha senderista el primer D\u00eda de la Ruta de la Plata. El pr\u00f3ximo 5 de octubre rendir\u00e1n homenaje al camino romano. Los tres municipios vecinos se al\u00edan en una actividad organizada por sus respectivos ayuntamientos en colaboraci\u00f3n con el Club Deportivo Monta\u00f1eros Sierra de B\u00e9jar, el Club Deportivo Grupo Bejarano de Monta\u00f1a y el Club Deportivo Grupo Candelariense de Monta\u00f1a.<\/p>\n<p><!--more--><\/p>\n<p>El recorrido, de escasa dificultad y gran belleza, atraviesa desde el tupido bosque atl\u00e1ntico al valle abierto, discurriendo por veredas de ribera, caminos de herradura y senderos hist\u00f3ricos, con el Valle del Ambroz como horizonte. La salida tendr\u00e1 lugar el 5 de octubre a las 8.30 de la ma\u00f1ana desde La Corredera de B\u00e9jar, y a lo largo de los 25 kil\u00f3metros, se realizar\u00e1n cuatro paradas de reagrupaci\u00f3n, vistas guiadas y avituallamiento. Los participantes inscritos contar\u00e1n con cobertura de seguro y traslados en autob\u00fas. La organizaci\u00f3n prev\u00e9 la finalizaci\u00f3n de la ruta alrededor de las 18.30, y el retorno al punto de inicio a las 20. Una estupenda oportunidad para estrenar el oto\u00f1o en buena compa\u00f1\u00eda.<\/p>\n<p>El precio de inscripci\u00f3n es de cinco euros por persona. Las personas interesadas pueden ponerse en contacto con<\/p>\n<!-- AddThis Advanced Settings generic via filter on the_content --><!-- AddThis Share Buttons generic via filter on the_content -->","protected":false},"excerpt":{"rendered":"<p>Ba\u00f1os de Montemayor, Herv\u00e1s y B\u00e9jar se unen para celebrar con una marcha senderista el primer D\u00eda de la Ruta de la Plata. El pr\u00f3ximo 5 de octubre rendir\u00e1n homenaje al camino romano. Los tres municipios vecinos se al\u00edan en una actividad organizada por sus respectivos ayuntamientos en colaboraci\u00f3n con el Club Deportivo Monta\u00f1eros Sierra [&hellip;]<!-- AddThis Advanced Settings generic via filter on get_the_excerpt --><!-- AddThis Share Buttons generic via filter on get_the_excerpt --><\/p>\n","protected":false},"author":3,"featured_media":0,"comment_status":"open","ping_status":"closed","sticky":false,"template":"","format":"standard","meta":[],"categories":[4],"tags":[88,98,130,381,906,1077],"_links":{"self":[{"href":"https:\/\/blogs.hoy.es\/senderosextremadura\/wp-json\/wp\/v2\/posts\/2816"}],"collection":[{"href":"https:\/\/blogs.hoy.es\/senderosextremadura\/wp-json\/wp\/v2\/posts"}],"about":[{"href":"https:\/\/blogs.hoy.es\/senderosextremadura\/wp-json\/wp\/v2\/types\/post"}],"author":[{"embeddable":true,"href":"https:\/\/blogs.hoy.es\/senderosextremadura\/wp-json\/wp\/v2\/users\/3"}],"replies":[{"embeddable":true,"href":"https:\/\/blogs.hoy.es\/senderosextremadura\/wp-json\/wp\/v2\/comments?post=2816"}],"version-history":[{"count":0,"href":"https:\/\/blogs.hoy.es\/senderosextremadura\/wp-json\/wp\/v2\/posts\/2816\/revisions"}],"wp:attachment":[{"href":"https:\/\/blogs.hoy.es\/senderosextremadura\/wp-json\/wp\/v2\/media?parent=2816"}],"wp:term":[{"taxonomy":"category","embeddable":true,"href":"https:\/\/blogs.hoy.es\/senderosextremadura\/wp-json\/wp\/v2\/categories?post=2816"},{"taxonomy":"post_tag","embeddable":true,"href":"https:\/\/blogs.hoy.es\/senderosextremadura\/wp-json\/wp\/v2\/tags?post=2816"}],"curies":[{"name":"wp","href":"https:\/\/api.w.org\/{rel}","templated":true}]}}