{"id":2822,"date":"2014-09-24T18:56:39","date_gmt":"2014-09-24T18:56:39","guid":{"rendered":"http:\/\/blogs.hoy.es\/senderosextremadura\/?p=2822"},"modified":"2014-09-24T18:56:39","modified_gmt":"2014-09-24T18:56:39","slug":"ruta-por-alange-entre-la-sierra-el-embalse-y-las-huertas-moriscas-5-de-octubre","status":"publish","type":"post","link":"https:\/\/blogs.hoy.es\/senderosextremadura\/2014\/09\/24\/ruta-por-alange-entre-la-sierra-el-embalse-y-las-huertas-moriscas-5-de-octubre\/","title":{"rendered":"Ruta por Alange: entre la sierra, el embalse y las huertas moriscas (5 de octubre)"},"content":{"rendered":"<p>&nbsp;<\/p>\n<div id=\"attachment_2824\" style=\"width: 584px\" class=\"wp-caption aligncenter\"><a href=\"https:\/\/blogs.hoy.es\/senderosextremadura\/\"><img aria-describedby=\"caption-attachment-2824\" loading=\"lazy\" class=\" wp-image-2824\" title=\"\" src=\"\/senderosextremadura\/wp-content\/uploads\/sites\/22\/2014\/09\/alange.jpg\" alt=\"\" width=\"574\" height=\"430\" srcset=\"https:\/\/static-blogs.hoy.es\/wp-content\/uploads\/sites\/22\/2014\/09\/alange.jpg 760w, https:\/\/static-blogs.hoy.es\/wp-content\/uploads\/sites\/22\/2014\/09\/alange-300x225.jpg 300w, https:\/\/static-blogs.hoy.es\/wp-content\/uploads\/sites\/22\/2014\/09\/alange-600x450.jpg 600w\" sizes=\"(max-width: 574px) 100vw, 574px\" \/><\/a><p id=\"caption-attachment-2824\" class=\"wp-caption-text\">Vistas del embalse desde el castillo de Alange:: AM<\/p><\/div>\n<p>El domingo 5 de octubre la <a href=\"https:\/\/blogs.hoy.es\/senderosextremadura\/2014\/09\/24\/ruta-por-alange-entre-la-sierra-el-embalse-y-las-huertas-moriscas-5-de-octubre\/\" target=\"_blank\"><strong>Asociaci\u00f3n Senderista y Cultural Pata del Bue<\/strong><\/a>y vuelve a realizar su ruta\u00a0 \u201cLos Encantos de Alange\u201d, con la que comenz\u00f3 a caminar por el entorno del pueblo que les vio nacer.<\/p>\n<p>La concentraci\u00f3n de senderistas y salida oficial tendr\u00e1 lugar en la Fuente Monumento al Agua (Barrio de La Laguna) a las 9:30 horas. Desde este punto, para calentar motores, se bajar\u00e1 hasta la orilla del embalse callejeando por las m\u00e1s t\u00edpicas cuestas de la poblaci\u00f3n, para posteriormente subir al Cerro del Castillo de la Culebra y disfrutar de unas panor\u00e1micas de ensue\u00f1o. Primer tramo de la ruta con una longitud de 3.5 Km. y dificultad alta.<\/p>\n<p><!--more--><\/p>\n<p>Como el Castillo de la Culebra es de dif\u00edcil acceso para muchos senderistas, se plantea una segunda incorporaci\u00f3n sobre las 11:00 horas al paso de la ruta de nuevo por la Fuente Monumento al Agua.<\/p>\n<p>El segundo tramo, con dificultad media y una longitud de 6.5 Km., discurre por las calles del centro de la poblaci\u00f3n y los Canchos de los Toros para volver a salir de la misma y adentrarse en las Sierra de Pe\u00f1as Blancas por el peque\u00f1o Valle de la Jabata. Tras la mina de El Tierroblanquero, se vuelve a pisar zona urbana por la Calle Ba\u00f1os pasando por lugares de alto inter\u00e9s como la Ermita de San Bartolom\u00e9, el Lavadero P\u00fablico, el Balneario de Alange, la Iglesia de Ntra. Sra. de los Milagros o la Casa de la Encomienda, terminando as\u00ed en el punto de partida.<\/p>\n<p>Las inscripciones a este evento senderista son gratuitas. Pueden inscribirse desde el martes 30 de septiembre hasta las 14:00 horas del viernes 3 de octubre mediante los siguientes medios:<br \/>\n&#8211;\u00a0\u00a0\u00a0\u00a0\u00a0\u00a0\u00a0\u00a0\u00a0 Correo electr\u00f3nico: patadelbuey@hotmail.com<br \/>\n&#8211;\u00a0\u00a0\u00a0\u00a0\u00a0\u00a0\u00a0\u00a0\u00a0 M\u00f3vil: 675 621 738<br \/>\n&#8211;\u00a0\u00a0\u00a0\u00a0\u00a0\u00a0\u00a0\u00a0\u00a0 Personalmente con el presidente de \u201cPata del Buey\u201d.<br \/>\nDeben facilitar los siguientes datos: nombre, edad, localidad de procedencia, tel\u00e9fono m\u00f3vil y si pertenecen a alg\u00fan club o asociaci\u00f3n senderista.<\/p>\n<p>En condiciones meteorol\u00f3gicas adversas se suspender\u00e1 el primer tramo de la ruta y la segunda incorporaci\u00f3n de senderistas, manteniendo el horario y lugar oficial de salida para realizar el segundo tramo (9:30 horas \/ Monumento al Agua).<\/p>\n<p>En esta ruta se puede disfrutar de paisajes de sierra y de embalse, de zonas arqueol\u00f3gicas, de canchos con nombre propio, de huertas moriscas, de pr\u00e1cticamente todos los lugares patrimoniales del casco urbano de Alange, adem\u00e1s de una buena convivencia con los senderistas de esta asociaci\u00f3n que dentro de muy poco cumplir\u00e1 su cuarto a\u00f1o de camino.<\/p>\n<p><a href=\"http:\/\/www.hoy.es\/multimedia\/fotos\/ultimos\/107879-ruta-encantos-alange-0.html\" target=\"_blank\" rel=\"external nofollow\"><strong>FOTOS: Im\u00e1genes de una pasada edici\u00f3n de la ruta<\/strong><\/a><\/p>\n<!-- AddThis Advanced Settings generic via filter on the_content --><!-- AddThis Share Buttons generic via filter on the_content -->","protected":false},"excerpt":{"rendered":"<p>&nbsp; El domingo 5 de octubre la Asociaci\u00f3n Senderista y Cultural Pata del Buey vuelve a realizar su ruta\u00a0 \u201cLos Encantos de Alange\u201d, con la que comenz\u00f3 a caminar por el entorno del pueblo que les vio nacer. La concentraci\u00f3n de senderistas y salida oficial tendr\u00e1 lugar en la Fuente Monumento al Agua (Barrio de [&hellip;]<!-- AddThis Advanced Settings generic via filter on get_the_excerpt --><!-- AddThis Share Buttons generic via filter on get_the_excerpt --><\/p>\n","protected":false},"author":3,"featured_media":0,"comment_status":"open","ping_status":"closed","sticky":false,"template":"","format":"standard","meta":[],"categories":[4],"tags":[20,817,836,906,944],"_links":{"self":[{"href":"https:\/\/blogs.hoy.es\/senderosextremadura\/wp-json\/wp\/v2\/posts\/2822"}],"collection":[{"href":"https:\/\/blogs.hoy.es\/senderosextremadura\/wp-json\/wp\/v2\/posts"}],"about":[{"href":"https:\/\/blogs.hoy.es\/senderosextremadura\/wp-json\/wp\/v2\/types\/post"}],"author":[{"embeddable":true,"href":"https:\/\/blogs.hoy.es\/senderosextremadura\/wp-json\/wp\/v2\/users\/3"}],"replies":[{"embeddable":true,"href":"https:\/\/blogs.hoy.es\/senderosextremadura\/wp-json\/wp\/v2\/comments?post=2822"}],"version-history":[{"count":0,"href":"https:\/\/blogs.hoy.es\/senderosextremadura\/wp-json\/wp\/v2\/posts\/2822\/revisions"}],"wp:attachment":[{"href":"https:\/\/blogs.hoy.es\/senderosextremadura\/wp-json\/wp\/v2\/media?parent=2822"}],"wp:term":[{"taxonomy":"category","embeddable":true,"href":"https:\/\/blogs.hoy.es\/senderosextremadura\/wp-json\/wp\/v2\/categories?post=2822"},{"taxonomy":"post_tag","embeddable":true,"href":"https:\/\/blogs.hoy.es\/senderosextremadura\/wp-json\/wp\/v2\/tags?post=2822"}],"curies":[{"name":"wp","href":"https:\/\/api.w.org\/{rel}","templated":true}]}}