{"id":2828,"date":"2014-09-25T12:25:33","date_gmt":"2014-09-25T12:25:33","guid":{"rendered":"http:\/\/blogs.hoy.es\/senderosextremadura\/?p=2828"},"modified":"2014-09-25T12:25:33","modified_gmt":"2014-09-25T12:25:33","slug":"caminada-por-senderos-alentejanos-del-contrabando","status":"publish","type":"post","link":"https:\/\/blogs.hoy.es\/senderosextremadura\/2014\/09\/25\/caminada-por-senderos-alentejanos-del-contrabando\/","title":{"rendered":"Caminata por senderos alentejanos del contrabando (27 de septiembre)"},"content":{"rendered":"<p><a href=\"https:\/\/blogs.hoy.es\/senderosextremadura\"><img loading=\"lazy\" class=\"aligncenter  wp-image-2829\" title=\"\" src=\"\/senderosextremadura\/wp-content\/uploads\/sites\/22\/2014\/09\/alentejo.jpg\" alt=\"\" width=\"332\" height=\"221\" \/><\/a><br \/>\nEste pr\u00f3ximo <strong>27 de septiembre<\/strong> se realizar\u00e1 una ruta para conocer las historias del contrabando que destibujaron la frontera hispano lusa hace unos d\u00e9cadas. La marcha discurrir\u00e1 por <strong>parajes alentejanos de Alandroal.<\/strong><\/p>\n<p><!--more--><br \/>\nEl punto de encuentro ser\u00e1 el <strong>puesto de guardia de Montejuntos<\/strong>, en el concejo de Alandroal, y la salida est\u00e1 prevista para las\u00a0 18 horas -hora portuguesa-.\u00a0 Se recorrer\u00e1n diez kil\u00f3metros por el campo en compa\u00f1\u00eda del arque\u00f3logo <a href=\"https:\/\/www.facebook.com\/luis.lobatodefaria?fref=ts\" target=\"_blank\" rel=\"external nofollow\"><strong>Luis Lobato de Faria<\/strong><\/a>.<br \/>\nDurante el trayecto se abordar\u00e1 la historia local, un pasado que entronca narraciones sobre el contrabando de alimentos y otros productos a ambos lados de la prontera de Espa\u00f1a y Portugal. Los participantes podr\u00e1n conocer los antiguos recorridos de los contrabandistas y recordar episocios de la guerra civil espa\u00f1ola y del anterior r\u00e9gimen pol\u00edtico de Portugal.<\/p>\n<p>Este paseo forma parte del Ciclo de Historia Local y Regional organizado por la <strong>Associa\u00e7\u00e3o Projecto Raia Alentejana<\/strong> en colaboraci\u00f3n con otras entidades.<\/p>\n<!-- AddThis Advanced Settings generic via filter on the_content --><!-- AddThis Share Buttons generic via filter on the_content -->","protected":false},"excerpt":{"rendered":"<p>Este pr\u00f3ximo 27 de septiembre se realizar\u00e1 una ruta para conocer las historias del contrabando que destibujaron la frontera hispano lusa hace unos d\u00e9cadas. La marcha discurrir\u00e1 por parajes alentejanos de Alandroal.<!-- AddThis Advanced Settings generic via filter on get_the_excerpt --><!-- AddThis Share Buttons generic via filter on get_the_excerpt --><\/p>\n","protected":false},"author":3,"featured_media":0,"comment_status":"open","ping_status":"closed","sticky":false,"template":"","format":"standard","meta":[],"categories":[4],"tags":[],"_links":{"self":[{"href":"https:\/\/blogs.hoy.es\/senderosextremadura\/wp-json\/wp\/v2\/posts\/2828"}],"collection":[{"href":"https:\/\/blogs.hoy.es\/senderosextremadura\/wp-json\/wp\/v2\/posts"}],"about":[{"href":"https:\/\/blogs.hoy.es\/senderosextremadura\/wp-json\/wp\/v2\/types\/post"}],"author":[{"embeddable":true,"href":"https:\/\/blogs.hoy.es\/senderosextremadura\/wp-json\/wp\/v2\/users\/3"}],"replies":[{"embeddable":true,"href":"https:\/\/blogs.hoy.es\/senderosextremadura\/wp-json\/wp\/v2\/comments?post=2828"}],"version-history":[{"count":0,"href":"https:\/\/blogs.hoy.es\/senderosextremadura\/wp-json\/wp\/v2\/posts\/2828\/revisions"}],"wp:attachment":[{"href":"https:\/\/blogs.hoy.es\/senderosextremadura\/wp-json\/wp\/v2\/media?parent=2828"}],"wp:term":[{"taxonomy":"category","embeddable":true,"href":"https:\/\/blogs.hoy.es\/senderosextremadura\/wp-json\/wp\/v2\/categories?post=2828"},{"taxonomy":"post_tag","embeddable":true,"href":"https:\/\/blogs.hoy.es\/senderosextremadura\/wp-json\/wp\/v2\/tags?post=2828"}],"curies":[{"name":"wp","href":"https:\/\/api.w.org\/{rel}","templated":true}]}}