{"id":2831,"date":"2014-09-27T11:54:24","date_gmt":"2014-09-27T11:54:24","guid":{"rendered":"http:\/\/blogs.hoy.es\/senderosextremadura\/?p=2831"},"modified":"2014-09-27T11:54:24","modified_gmt":"2014-09-27T11:54:24","slug":"700-senderistas-recorren-la-marcha-solidaria-de-la-vereina-en-el-jerte","status":"publish","type":"post","link":"https:\/\/blogs.hoy.es\/senderosextremadura\/2014\/09\/27\/700-senderistas-recorren-la-marcha-solidaria-de-la-vereina-en-el-jerte\/","title":{"rendered":"700 senderistas recorren la marcha solidaria de La Vere\u00edna en el Jerte"},"content":{"rendered":"<div id=\"attachment_2833\" style=\"width: 551px\" class=\"wp-caption aligncenter\"><a href=\"https:\/\/blogs.hoy.es\/senderosextremadura\/\"><img aria-describedby=\"caption-attachment-2833\" loading=\"lazy\" class=\" wp-image-2833\" title=\"\" src=\"\/senderosextremadura\/wp-content\/uploads\/sites\/22\/2014\/09\/rutas_1.jpg\" alt=\"\" width=\"541\" height=\"405\" srcset=\"https:\/\/static-blogs.hoy.es\/wp-content\/uploads\/sites\/22\/2014\/09\/rutas_1.jpg 1200w, https:\/\/static-blogs.hoy.es\/wp-content\/uploads\/sites\/22\/2014\/09\/rutas_1-300x225.jpg 300w, https:\/\/static-blogs.hoy.es\/wp-content\/uploads\/sites\/22\/2014\/09\/rutas_1-768x576.jpg 768w, https:\/\/static-blogs.hoy.es\/wp-content\/uploads\/sites\/22\/2014\/09\/rutas_1-600x450.jpg 600w\" sizes=\"(max-width: 541px) 100vw, 541px\" \/><\/a><p id=\"caption-attachment-2833\" class=\"wp-caption-text\">Concentraci\u00f3n en la plaza de El Torno antes del inicio de la marcha:: V.P.<\/p><\/div>\n<p>Alrededor de 700 personas caminan hoy, s\u00e1bado, por el Valle del Jerte a favor de la lucha contra el c\u00e1ncer. La ruta solidaria organizada por el club La Vere\u00edna ha partido esta ma\u00f1ana desde El Torno y finalizar\u00e1 en Cabezuela del Valle. Cubrir\u00e1n en total 19 kil\u00f3metros, aunque tambi\u00e9n se ha organizado otra modalidad para los participantes m\u00e1s peque\u00f1os o los menos en forma, que podr\u00e1n cubrir solo los \u00faltimos cuatro kil\u00f3metros de la ruta. La inscripci\u00f3n costaba 10 euros, dinero que ser\u00e1 donado a la Asociaci\u00f3n de lucha contra el c\u00e1ncer de C\u00e1ceres.<\/p>\n<p><!--more--><\/p>\n<p>La Vere\u00edna organiza al menos dos rutas solidarias cada a\u00f1o desde su creaci\u00f3n en 2010. El pasado mes de enero, por ejemplo, se llev\u00f3 a cabo otra a favor del Banco de Alimentos, en este caso por los alrededores de C\u00e1ceres capital.<\/p>\n<p>En cualquier caso, ya sea por razones solidarias o por el deseo de hacer deporte y disfrutar al mismo tiempo de la naturaleza, las actividades de La Vere\u00edna suelen reunir siempre a varios cientos de participantes, de tal forma que es frecuente tener que limitar las inscripciones.<\/p>\n<p>Aunque la jornada de s\u00e1bado ha salido gris y lluviosa en buena parte de C\u00e1ceres, en el momento de la salida esta ma\u00f1ana en El Torno hac\u00edan una condiciones meteorol\u00f3gicas ideales para el senderismo por los bellos parajes del Jerte.<\/p>\n<p>&nbsp;<\/p>\n<!-- AddThis Advanced Settings generic via filter on the_content --><!-- AddThis Share Buttons generic via filter on the_content -->","protected":false},"excerpt":{"rendered":"<p>Alrededor de 700 personas caminan hoy, s\u00e1bado, por el Valle del Jerte a favor de la lucha contra el c\u00e1ncer. La ruta solidaria organizada por el club La Vere\u00edna ha partido esta ma\u00f1ana desde El Torno y finalizar\u00e1 en Cabezuela del Valle. Cubrir\u00e1n en total 19 kil\u00f3metros, aunque tambi\u00e9n se ha organizado otra modalidad para [&hellip;]<!-- AddThis Advanced Settings generic via filter on get_the_excerpt --><!-- AddThis Share Buttons generic via filter on get_the_excerpt --><\/p>\n","protected":false},"author":3,"featured_media":0,"comment_status":"open","ping_status":"closed","sticky":false,"template":"","format":"standard","meta":[],"categories":[4],"tags":[435,906,1020,1063],"_links":{"self":[{"href":"https:\/\/blogs.hoy.es\/senderosextremadura\/wp-json\/wp\/v2\/posts\/2831"}],"collection":[{"href":"https:\/\/blogs.hoy.es\/senderosextremadura\/wp-json\/wp\/v2\/posts"}],"about":[{"href":"https:\/\/blogs.hoy.es\/senderosextremadura\/wp-json\/wp\/v2\/types\/post"}],"author":[{"embeddable":true,"href":"https:\/\/blogs.hoy.es\/senderosextremadura\/wp-json\/wp\/v2\/users\/3"}],"replies":[{"embeddable":true,"href":"https:\/\/blogs.hoy.es\/senderosextremadura\/wp-json\/wp\/v2\/comments?post=2831"}],"version-history":[{"count":0,"href":"https:\/\/blogs.hoy.es\/senderosextremadura\/wp-json\/wp\/v2\/posts\/2831\/revisions"}],"wp:attachment":[{"href":"https:\/\/blogs.hoy.es\/senderosextremadura\/wp-json\/wp\/v2\/media?parent=2831"}],"wp:term":[{"taxonomy":"category","embeddable":true,"href":"https:\/\/blogs.hoy.es\/senderosextremadura\/wp-json\/wp\/v2\/categories?post=2831"},{"taxonomy":"post_tag","embeddable":true,"href":"https:\/\/blogs.hoy.es\/senderosextremadura\/wp-json\/wp\/v2\/tags?post=2831"}],"curies":[{"name":"wp","href":"https:\/\/api.w.org\/{rel}","templated":true}]}}