{"id":2834,"date":"2014-10-11T10:04:37","date_gmt":"2014-10-11T10:04:37","guid":{"rendered":"http:\/\/blogs.hoy.es\/senderosextremadura\/?p=2834"},"modified":"2014-10-11T10:04:37","modified_gmt":"2014-10-11T10:04:37","slug":"robledal-de-la-solana-a-caballo-entre-la-vera-y-el-jerte-19-de-octubre","status":"publish","type":"post","link":"https:\/\/blogs.hoy.es\/senderosextremadura\/2014\/10\/11\/robledal-de-la-solana-a-caballo-entre-la-vera-y-el-jerte-19-de-octubre\/","title":{"rendered":"Robledal de la Solana, a caballo entre La Vera y el Jerte (19 de octubre)"},"content":{"rendered":"<div id=\"attachment_2836\" style=\"width: 310px\" class=\"wp-caption alignleft\"><a href=\"https:\/\/blogs.hoy.es\/senderosextremadura\/\"><img aria-describedby=\"caption-attachment-2836\" loading=\"lazy\" class=\"size-full wp-image-2836\" title=\"\" src=\"\/senderosextremadura\/wp-content\/uploads\/sites\/22\/2014\/10\/robledal.jpg\" alt=\"\" width=\"300\" height=\"225\" \/><\/a><p id=\"caption-attachment-2836\" class=\"wp-caption-text\">Robledal de la Solana<\/p><\/div>\n<p>El <a href=\"http:\/\/www.clubgr100.com\/\" target=\"_blank\" rel=\"external nofollow\"><strong>Club extreme\u00f1o GR 100<\/strong><\/a> inicia nuevo calendario senderista con una propuesta espectacular. Se trata de\u00a0 una ruta a caballo <strong>entre El Jerte y La Vera<\/strong>. All\u00ed se encuentran las tierras de <strong>Barrado<\/strong>, un peque\u00f1o pueblo de monta\u00f1a, situado a casi 800 metros de altitud, que tiene a su alrededor una de las masas forestales mejor conservadas de Extremadura. Esta marcha bonita, sencilla y de vistas sorprendentes se celebrar\u00e1 el pr\u00f3ximo 19 de octubre. Transita por un robledal de excelente conservaci\u00f3n y permite conocer un \u00c1rbol Singular de Extremadura, el <strong>Roble de la Solana<\/strong>, una joya natural cargada de historia. Una caminata ideal para disfrutar del oto\u00f1o.<!--more--><\/p>\n<p>Hay 50 plazas. Puedes inscribirte <strong><a href=\"http:\/\/www.reunalia.com\/3354743\" target=\"_blank\" rel=\"external nofollow\">a trav\u00e9s de este enlace<\/a><\/strong>. La fecha l\u00edmite para apuntarse es el 18 de octubre.<br \/>\nPara ampliar la informaci\u00f3n sobre inscripciones, contacta con GR 100 en <strong>actividades@clubgr100.com<\/strong> o llamando a Diego Mostazo en el 654551304.<br \/>\nPuntos de encuentro:<\/p>\n<p>BADAJOZ. Iglesia San Jos\u00e9. 08:00 horas.<\/p>\n<p>C\u00c1CERES. Palacio de Congresos. 09:00 horas.<\/p>\n<!-- AddThis Advanced Settings generic via filter on the_content --><!-- AddThis Share Buttons generic via filter on the_content -->","protected":false},"excerpt":{"rendered":"<p>El Club extreme\u00f1o GR 100 inicia nuevo calendario senderista con una propuesta espectacular. Se trata de\u00a0 una ruta a caballo entre El Jerte y La Vera. All\u00ed se encuentran las tierras de Barrado, un peque\u00f1o pueblo de monta\u00f1a, situado a casi 800 metros de altitud, que tiene a su alrededor una de las masas forestales [&hellip;]<!-- AddThis Advanced Settings generic via filter on get_the_excerpt --><!-- AddThis Share Buttons generic via filter on get_the_excerpt --><\/p>\n","protected":false},"author":27,"featured_media":0,"comment_status":"open","ping_status":"closed","sticky":false,"template":"","format":"standard","meta":[],"categories":[4],"tags":[],"_links":{"self":[{"href":"https:\/\/blogs.hoy.es\/senderosextremadura\/wp-json\/wp\/v2\/posts\/2834"}],"collection":[{"href":"https:\/\/blogs.hoy.es\/senderosextremadura\/wp-json\/wp\/v2\/posts"}],"about":[{"href":"https:\/\/blogs.hoy.es\/senderosextremadura\/wp-json\/wp\/v2\/types\/post"}],"author":[{"embeddable":true,"href":"https:\/\/blogs.hoy.es\/senderosextremadura\/wp-json\/wp\/v2\/users\/27"}],"replies":[{"embeddable":true,"href":"https:\/\/blogs.hoy.es\/senderosextremadura\/wp-json\/wp\/v2\/comments?post=2834"}],"version-history":[{"count":0,"href":"https:\/\/blogs.hoy.es\/senderosextremadura\/wp-json\/wp\/v2\/posts\/2834\/revisions"}],"wp:attachment":[{"href":"https:\/\/blogs.hoy.es\/senderosextremadura\/wp-json\/wp\/v2\/media?parent=2834"}],"wp:term":[{"taxonomy":"category","embeddable":true,"href":"https:\/\/blogs.hoy.es\/senderosextremadura\/wp-json\/wp\/v2\/categories?post=2834"},{"taxonomy":"post_tag","embeddable":true,"href":"https:\/\/blogs.hoy.es\/senderosextremadura\/wp-json\/wp\/v2\/tags?post=2834"}],"curies":[{"name":"wp","href":"https:\/\/api.w.org\/{rel}","templated":true}]}}