{"id":2841,"date":"2014-10-14T11:42:48","date_gmt":"2014-10-14T11:42:48","guid":{"rendered":"http:\/\/blogs.hoy.es\/senderosextremadura\/?p=2841"},"modified":"2014-10-14T11:42:48","modified_gmt":"2014-10-14T11:42:48","slug":"empiezan-las-caminatas-por-el-otono-magico-del-ambroz-19-de-octubre","status":"publish","type":"post","link":"https:\/\/blogs.hoy.es\/senderosextremadura\/2014\/10\/14\/empiezan-las-caminatas-por-el-otono-magico-del-ambroz-19-de-octubre\/","title":{"rendered":"Empiezan las caminatas por el oto\u00f1o m\u00e1gico del Ambroz (19 de octubre)"},"content":{"rendered":"<p><a href=\"https:\/\/www.facebook.com\/ExplorerFranquicias?ref=ts&#038;fref=ts\" target=\"_blank\" rel=\"external nofollow\">Explorer Badajoz<\/a> ha programado una ruta por el oto\u00f1o m\u00e1gico en el Valle del Ambroz. La marcha por esta hermosa comarca del norte de C\u00e1ceres tendr\u00e1 lugar el pr\u00f3ximo 19 de octubre, entre las localidadesa de Ba\u00f1os de Montemayor y Herv\u00e1s. La inscripci\u00f3n puede realizarse online hasta este martes.<\/p>\n<!-- AddThis Advanced Settings generic via filter on the_content --><!-- AddThis Share Buttons generic via filter on the_content -->","protected":false},"excerpt":{"rendered":"<p>Explorer Badajoz ha programado una ruta por el oto\u00f1o m\u00e1gico en el Valle del Ambroz. La marcha por esta hermosa comarca del norte de C\u00e1ceres tendr\u00e1 lugar el pr\u00f3ximo 19 de octubre, entre las localidadesa de Ba\u00f1os de Montemayor y Herv\u00e1s. La inscripci\u00f3n puede realizarse online hasta este martes.<!-- AddThis Advanced Settings generic via filter on get_the_excerpt --><!-- AddThis Share Buttons generic via filter on get_the_excerpt --><\/p>\n","protected":false},"author":27,"featured_media":0,"comment_status":"open","ping_status":"closed","sticky":false,"template":"","format":"standard","meta":[],"categories":[4],"tags":[],"_links":{"self":[{"href":"https:\/\/blogs.hoy.es\/senderosextremadura\/wp-json\/wp\/v2\/posts\/2841"}],"collection":[{"href":"https:\/\/blogs.hoy.es\/senderosextremadura\/wp-json\/wp\/v2\/posts"}],"about":[{"href":"https:\/\/blogs.hoy.es\/senderosextremadura\/wp-json\/wp\/v2\/types\/post"}],"author":[{"embeddable":true,"href":"https:\/\/blogs.hoy.es\/senderosextremadura\/wp-json\/wp\/v2\/users\/27"}],"replies":[{"embeddable":true,"href":"https:\/\/blogs.hoy.es\/senderosextremadura\/wp-json\/wp\/v2\/comments?post=2841"}],"version-history":[{"count":0,"href":"https:\/\/blogs.hoy.es\/senderosextremadura\/wp-json\/wp\/v2\/posts\/2841\/revisions"}],"wp:attachment":[{"href":"https:\/\/blogs.hoy.es\/senderosextremadura\/wp-json\/wp\/v2\/media?parent=2841"}],"wp:term":[{"taxonomy":"category","embeddable":true,"href":"https:\/\/blogs.hoy.es\/senderosextremadura\/wp-json\/wp\/v2\/categories?post=2841"},{"taxonomy":"post_tag","embeddable":true,"href":"https:\/\/blogs.hoy.es\/senderosextremadura\/wp-json\/wp\/v2\/tags?post=2841"}],"curies":[{"name":"wp","href":"https:\/\/api.w.org\/{rel}","templated":true}]}}