{"id":2844,"date":"2014-10-16T09:22:18","date_gmt":"2014-10-16T09:22:18","guid":{"rendered":"http:\/\/blogs.hoy.es\/senderosextremadura\/?p=2844"},"modified":"2014-10-16T09:22:18","modified_gmt":"2014-10-16T09:22:18","slug":"la-ruta-de-las-tres-sierras-se-celebra-este-domingo","status":"publish","type":"post","link":"https:\/\/blogs.hoy.es\/senderosextremadura\/2014\/10\/16\/la-ruta-de-las-tres-sierras-se-celebra-este-domingo\/","title":{"rendered":"La Ruta de las Tres Sierras se celebra este domingo"},"content":{"rendered":"<p><a href=\"https:\/\/blogs.hoy.es\/senderosextremadura\/\"><img loading=\"lazy\" class=\"aligncenter  wp-image-2845\" title=\"\" src=\"\/senderosextremadura\/wp-content\/uploads\/sites\/22\/2014\/10\/cartel-3-c.jpg\" alt=\"\" width=\"482\" height=\"682\" srcset=\"https:\/\/static-blogs.hoy.es\/wp-content\/uploads\/sites\/22\/2014\/10\/cartel-3-c.jpg 584w, https:\/\/static-blogs.hoy.es\/wp-content\/uploads\/sites\/22\/2014\/10\/cartel-3-c-212x300.jpg 212w\" sizes=\"(max-width: 482px) 100vw, 482px\" \/><\/a><\/p>\n<p>Hoy, jueves 16 de octubre es el \u00faltimo d\u00eda para la inscripci\u00f3n en la III Concentraci\u00f3n Senderista Maimona, que vuelve a repetir la Ruta de las tres sierras. Toda la informaci\u00f3n de la ruta, as\u00ed como la inscripci\u00f3n para la misma se puede realizar en la pagina <a href=\"http:\/\/www.badajoz.org\/laverea\/\" target=\"_blank\" rel=\"external nofollow\"><strong>web de la asoaciaci\u00f3n.<\/strong><\/a><\/p>\n<p><!--more--><\/p>\n<p>En la tarde de ayer la asociaci\u00f3n rondaba las 500 inscripciones, con lo que de nuevo volver\u00e1 a ser todo un \u00e9xito de participaci\u00f3n. Se trata de la primera vez que nuestra ruta senderista est\u00e1 entre las Grandes Rutas de Extremadura, lo que dota a la ruta de un mayor reconocimiento, empaque y organizaci\u00f3n.<\/p>\n<p>La inscripci\u00f3n ser\u00e1 de 4 euros para los senderistas menos habituales que carecen de seguro federativo, mientras que para aquellos que est\u00e1n federados ser\u00e1 de 2,5 euros.<\/p>\n<p>Adem\u00e1s de la ruta en s\u00ed, se contar\u00e1 con animaci\u00f3n, regalos y m\u00fasica para que todos los participantes se sientan, nunca mejor dicho, como en casa. Una gran garbanzada pondr\u00e1 el punto clave de la convivencia entre senderistas en la plaza de Vistahermosa.<\/p>\n<p>La salida est\u00e1 organizada para las 9 de la ma\u00f1ana, se prev\u00e9 un gran fin de semana en cuanto al tiempo atmosf\u00e9rico, con lo que la diversi\u00f3n est\u00e1 garantizada.Seguramente no haya mejor plan para este domingo que pasar una buena jornada de deporte y convivencia con los senderistas sante\u00f1os.<\/p>\n<p>Cualquier otra consulta que tengan que hacer pueden dirigirse a los tel\u00e9fonos 670493105 -635543378.<\/p>\n<p>Fuente:: <a href=\"http:\/\/www.hoylossantosdemaimona.es\/\" target=\"_blank\" rel=\"external nofollow\"><strong>HOY Los Santos de Maimona<\/strong><\/a><\/p>\n<!-- AddThis Advanced Settings generic via filter on the_content --><!-- AddThis Share Buttons generic via filter on the_content -->","protected":false},"excerpt":{"rendered":"<p>Hoy, jueves 16 de octubre es el \u00faltimo d\u00eda para la inscripci\u00f3n en la III Concentraci\u00f3n Senderista Maimona, que vuelve a repetir la Ruta de las tres sierras. Toda la informaci\u00f3n de la ruta, as\u00ed como la inscripci\u00f3n para la misma se puede realizar en la pagina web de la asoaciaci\u00f3n.<!-- AddThis Advanced Settings generic via filter on get_the_excerpt --><!-- AddThis Share Buttons generic via filter on get_the_excerpt --><\/p>\n","protected":false},"author":27,"featured_media":0,"comment_status":"open","ping_status":"closed","sticky":false,"template":"","format":"standard","meta":[],"categories":[4],"tags":[458,817,906,944,1035],"_links":{"self":[{"href":"https:\/\/blogs.hoy.es\/senderosextremadura\/wp-json\/wp\/v2\/posts\/2844"}],"collection":[{"href":"https:\/\/blogs.hoy.es\/senderosextremadura\/wp-json\/wp\/v2\/posts"}],"about":[{"href":"https:\/\/blogs.hoy.es\/senderosextremadura\/wp-json\/wp\/v2\/types\/post"}],"author":[{"embeddable":true,"href":"https:\/\/blogs.hoy.es\/senderosextremadura\/wp-json\/wp\/v2\/users\/27"}],"replies":[{"embeddable":true,"href":"https:\/\/blogs.hoy.es\/senderosextremadura\/wp-json\/wp\/v2\/comments?post=2844"}],"version-history":[{"count":0,"href":"https:\/\/blogs.hoy.es\/senderosextremadura\/wp-json\/wp\/v2\/posts\/2844\/revisions"}],"wp:attachment":[{"href":"https:\/\/blogs.hoy.es\/senderosextremadura\/wp-json\/wp\/v2\/media?parent=2844"}],"wp:term":[{"taxonomy":"category","embeddable":true,"href":"https:\/\/blogs.hoy.es\/senderosextremadura\/wp-json\/wp\/v2\/categories?post=2844"},{"taxonomy":"post_tag","embeddable":true,"href":"https:\/\/blogs.hoy.es\/senderosextremadura\/wp-json\/wp\/v2\/tags?post=2844"}],"curies":[{"name":"wp","href":"https:\/\/api.w.org\/{rel}","templated":true}]}}