{"id":2848,"date":"2014-10-16T10:36:03","date_gmt":"2014-10-16T10:36:03","guid":{"rendered":"http:\/\/blogs.hoy.es\/senderosextremadura\/?p=2848"},"modified":"2014-10-16T10:36:03","modified_gmt":"2014-10-16T10:36:03","slug":"ruta-por-la-villa-alentejana-de-estremoz-18-de-octubre","status":"publish","type":"post","link":"https:\/\/blogs.hoy.es\/senderosextremadura\/2014\/10\/16\/ruta-por-la-villa-alentejana-de-estremoz-18-de-octubre\/","title":{"rendered":"Ruta por la villa alentejana de Estremoz (18 de octubre)"},"content":{"rendered":"<div id=\"attachment_2850\" style=\"width: 536px\" class=\"wp-caption aligncenter\"><a href=\"https:\/\/blogs.hoy.es\/senderosextremadura\/\"><img aria-describedby=\"caption-attachment-2850\" loading=\"lazy\" class=\" wp-image-2850\" title=\"\" src=\"\/senderosextremadura\/wp-content\/uploads\/sites\/22\/2014\/10\/Estremozfeten.jpg\" alt=\"\" width=\"526\" height=\"296\" srcset=\"https:\/\/static-blogs.hoy.es\/wp-content\/uploads\/sites\/22\/2014\/10\/Estremozfeten.jpg 600w, https:\/\/static-blogs.hoy.es\/wp-content\/uploads\/sites\/22\/2014\/10\/Estremozfeten-300x169.jpg 300w\" sizes=\"(max-width: 526px) 100vw, 526px\" \/><\/a><p id=\"caption-attachment-2850\" class=\"wp-caption-text\">Estremoz<\/p><\/div>\n<p>La <a href=\"https:\/\/www.facebook.com\/events\/1399584433635120\/?fref=ts\" target=\"_blank\" rel=\"external nofollow\"><strong>Associa\u00e7\u00e3o Projecto Raia Alentejana<\/strong><\/a> ha organizado este s\u00e1bado una marcha por la villa alentejana de<strong> <a href=\"http:\/\/blogs.hoy.es\/lostesorosdelaraya\/2013\/07\/31\/estremoz-un-placer-medieval\/\" target=\"_blank\">Estremoz<\/a><\/strong>. La ruta comenzar\u00e1 a las 9 de la ma\u00f1ana, hora local, en la <strong>C\u00e2mara Municipal de Estremoz<\/strong>. Desde all\u00ed podr\u00e1n disfrutar del\u00a0 mercado, las fortificaciones, la torre del homenaje, la estaci\u00f3n ferroviaria, el Museu do Regimento de Cavalaria 3, sus\u00a0 iglesias, clautros y fuentes. La actividad es gratuita y no requiere inscripci\u00f3n.<\/p>\n<p><!--more--><br \/>\nEstremoz es una de las poblaciones m\u00e1s vistosas del Alentejo. Con origen en una alcazaba medieval del siglo XIII, est\u00e1 a 54 kms. de Badajoz, quedando al lado de la carretera y autopista de Lisboa; si venimos del norte, de la Serra de San Mamede, es la encrucijada de los caminos hacia el oeste (\u00c9vora, Lisboa\u2026), al sur (Monsaraz, Beja\u2026) y al este (Borba, Elvas, Badajoz\u2026).<\/p>\n<p>M\u00e1s sobre esta villa portuguesa en el blog <a href=\"http:\/\/blogs.hoy.es\/lostesorosdelaraya\/2013\/07\/31\/estremoz-un-placer-medieval\/\" target=\"_blank\"><strong>Tesoros de la Raya<\/strong><\/a>.<\/p>\n<!-- AddThis Advanced Settings generic via filter on the_content --><!-- AddThis Share Buttons generic via filter on the_content -->","protected":false},"excerpt":{"rendered":"<p>La Associa\u00e7\u00e3o Projecto Raia Alentejana ha organizado este s\u00e1bado una marcha por la villa alentejana de Estremoz. La ruta comenzar\u00e1 a las 9 de la ma\u00f1ana, hora local, en la C\u00e2mara Municipal de Estremoz. Desde all\u00ed podr\u00e1n disfrutar del\u00a0 mercado, las fortificaciones, la torre del homenaje, la estaci\u00f3n ferroviaria, el Museu do Regimento de Cavalaria [&hellip;]<!-- AddThis Advanced Settings generic via filter on get_the_excerpt --><!-- AddThis Share Buttons generic via filter on get_the_excerpt --><\/p>\n","protected":false},"author":27,"featured_media":0,"comment_status":"open","ping_status":"closed","sticky":false,"template":"","format":"standard","meta":[],"categories":[3],"tags":[],"_links":{"self":[{"href":"https:\/\/blogs.hoy.es\/senderosextremadura\/wp-json\/wp\/v2\/posts\/2848"}],"collection":[{"href":"https:\/\/blogs.hoy.es\/senderosextremadura\/wp-json\/wp\/v2\/posts"}],"about":[{"href":"https:\/\/blogs.hoy.es\/senderosextremadura\/wp-json\/wp\/v2\/types\/post"}],"author":[{"embeddable":true,"href":"https:\/\/blogs.hoy.es\/senderosextremadura\/wp-json\/wp\/v2\/users\/27"}],"replies":[{"embeddable":true,"href":"https:\/\/blogs.hoy.es\/senderosextremadura\/wp-json\/wp\/v2\/comments?post=2848"}],"version-history":[{"count":0,"href":"https:\/\/blogs.hoy.es\/senderosextremadura\/wp-json\/wp\/v2\/posts\/2848\/revisions"}],"wp:attachment":[{"href":"https:\/\/blogs.hoy.es\/senderosextremadura\/wp-json\/wp\/v2\/media?parent=2848"}],"wp:term":[{"taxonomy":"category","embeddable":true,"href":"https:\/\/blogs.hoy.es\/senderosextremadura\/wp-json\/wp\/v2\/categories?post=2848"},{"taxonomy":"post_tag","embeddable":true,"href":"https:\/\/blogs.hoy.es\/senderosextremadura\/wp-json\/wp\/v2\/tags?post=2848"}],"curies":[{"name":"wp","href":"https:\/\/api.w.org\/{rel}","templated":true}]}}