{"id":2851,"date":"2014-10-20T10:53:04","date_gmt":"2014-10-20T10:53:04","guid":{"rendered":"http:\/\/blogs.hoy.es\/senderosextremadura\/?p=2851"},"modified":"2014-10-20T10:53:04","modified_gmt":"2014-10-20T10:53:04","slug":"al-puerto-de-la-oliva-por-las-sierras-centrales-de-la-provincia-de-badajoz-26-octubre","status":"publish","type":"post","link":"https:\/\/blogs.hoy.es\/senderosextremadura\/2014\/10\/20\/al-puerto-de-la-oliva-por-las-sierras-centrales-de-la-provincia-de-badajoz-26-octubre\/","title":{"rendered":"Al Puerto de la Oliva por las sierras centrales de la provincia de Badajoz (26 octubre)"},"content":{"rendered":"<p><a href=\"https:\/\/blogs.hoy.es\/senderosextremadura\/\"><img loading=\"lazy\" class=\"aligncenter  wp-image-2853\" title=\"\" src=\"\/senderosextremadura\/wp-content\/uploads\/sites\/22\/2014\/10\/Visitaalange_Ruta_Puerto_Oliva.jpg\" alt=\"\" width=\"504\" height=\"712\" srcset=\"https:\/\/static-blogs.hoy.es\/wp-content\/uploads\/sites\/22\/2014\/10\/Visitaalange_Ruta_Puerto_Oliva.jpg 1240w, https:\/\/static-blogs.hoy.es\/wp-content\/uploads\/sites\/22\/2014\/10\/Visitaalange_Ruta_Puerto_Oliva-212x300.jpg 212w, https:\/\/static-blogs.hoy.es\/wp-content\/uploads\/sites\/22\/2014\/10\/Visitaalange_Ruta_Puerto_Oliva-768x1086.jpg 768w, https:\/\/static-blogs.hoy.es\/wp-content\/uploads\/sites\/22\/2014\/10\/Visitaalange_Ruta_Puerto_Oliva-600x849.jpg 600w\" sizes=\"(max-width: 504px) 100vw, 504px\" \/><\/a>Las\u00a0 intensas lluvias registradas en septiembre obligaron a suspender la <strong>Ruta al Puerto de la Oliva<\/strong>. Ahora la<a href=\"http:\/\/patadelbuey.blogspot.com.es\/2014\/10\/ruta-senderista-al-puerto-de-la-oliva.html?spref=fb\" target=\"_blank\" rel=\"external nofollow\"><strong> Asociaci\u00f3n &#8216;Pata de Buey&#8217; de Alange<\/strong><\/a> ha decidido realizarla el domingo <strong>26 de octubre<\/strong>, esperando que haga buen tiempo. En la marcha los caminantes disfrutar\u00e1n en un <strong>recorrido\u00a0 de unos 20 kil\u00f3metros<\/strong> de los magn\u00edficos paisajes que ofrecen las <strong>sierras centrales de la provincia de Badajoz<\/strong> en oto\u00f1o.<\/p>\n<p><!--more--><\/p>\n<p>Los caminantes saldr\u00e1n a las 9.30 horas del recinto ferial de Alange. Desde all\u00ed se desplazar\u00e1n en en coche hasta el kil\u00f3metro 5 de la <strong>carretera Alange-Palomas<\/strong>. La duraci\u00f3n estimada es de cinco horas. Los participantes deben llevar su propia comida.<\/p>\n<p>Para inscribirse hay que contactar con el presidente de Pata del Buey llamando al m\u00f3vil 675 621 738.<\/p>\n<p>&nbsp;<\/p>\n<p>&nbsp;<\/p>\n<!-- AddThis Advanced Settings generic via filter on the_content --><!-- AddThis Share Buttons generic via filter on the_content -->","protected":false},"excerpt":{"rendered":"<p>Las\u00a0 intensas lluvias registradas en septiembre obligaron a suspender la Ruta al Puerto de la Oliva. Ahora la Asociaci\u00f3n &#8216;Pata de Buey&#8217; de Alange ha decidido realizarla el domingo 26 de octubre, esperando que haga buen tiempo. En la marcha los caminantes disfrutar\u00e1n en un recorrido\u00a0 de unos 20 kil\u00f3metros de los magn\u00edficos paisajes que [&hellip;]<!-- AddThis Advanced Settings generic via filter on get_the_excerpt --><!-- AddThis Share Buttons generic via filter on get_the_excerpt --><\/p>\n","protected":false},"author":27,"featured_media":0,"comment_status":"open","ping_status":"closed","sticky":false,"template":"","format":"standard","meta":[],"categories":[4],"tags":[301,656,906],"_links":{"self":[{"href":"https:\/\/blogs.hoy.es\/senderosextremadura\/wp-json\/wp\/v2\/posts\/2851"}],"collection":[{"href":"https:\/\/blogs.hoy.es\/senderosextremadura\/wp-json\/wp\/v2\/posts"}],"about":[{"href":"https:\/\/blogs.hoy.es\/senderosextremadura\/wp-json\/wp\/v2\/types\/post"}],"author":[{"embeddable":true,"href":"https:\/\/blogs.hoy.es\/senderosextremadura\/wp-json\/wp\/v2\/users\/27"}],"replies":[{"embeddable":true,"href":"https:\/\/blogs.hoy.es\/senderosextremadura\/wp-json\/wp\/v2\/comments?post=2851"}],"version-history":[{"count":0,"href":"https:\/\/blogs.hoy.es\/senderosextremadura\/wp-json\/wp\/v2\/posts\/2851\/revisions"}],"wp:attachment":[{"href":"https:\/\/blogs.hoy.es\/senderosextremadura\/wp-json\/wp\/v2\/media?parent=2851"}],"wp:term":[{"taxonomy":"category","embeddable":true,"href":"https:\/\/blogs.hoy.es\/senderosextremadura\/wp-json\/wp\/v2\/categories?post=2851"},{"taxonomy":"post_tag","embeddable":true,"href":"https:\/\/blogs.hoy.es\/senderosextremadura\/wp-json\/wp\/v2\/tags?post=2851"}],"curies":[{"name":"wp","href":"https:\/\/api.w.org\/{rel}","templated":true}]}}