{"id":2854,"date":"2014-10-20T11:22:28","date_gmt":"2014-10-20T11:22:28","guid":{"rendered":"http:\/\/blogs.hoy.es\/senderosextremadura\/?p=2854"},"modified":"2014-10-20T11:22:28","modified_gmt":"2014-10-20T11:22:28","slug":"caminando-hasta-la-morada-del-bandolero-diego-corriente-26-de-octubre","status":"publish","type":"post","link":"https:\/\/blogs.hoy.es\/senderosextremadura\/2014\/10\/20\/caminando-hasta-la-morada-del-bandolero-diego-corriente-26-de-octubre\/","title":{"rendered":"Caminando hasta la morada del bandolero Diego Corriente (26 de octubre)"},"content":{"rendered":"<p><a href=\"https:\/\/blogs.hoy.es\/senderosextremadura\/\"><img loading=\"lazy\" class=\"aligncenter  wp-image-2855\" title=\"\" src=\"\/senderosextremadura\/wp-content\/uploads\/sites\/22\/2014\/10\/diego-corriete.jpg\" alt=\"\" width=\"600\" height=\"409\" srcset=\"https:\/\/static-blogs.hoy.es\/wp-content\/uploads\/sites\/22\/2014\/10\/diego-corriete.jpg 1000w, https:\/\/static-blogs.hoy.es\/wp-content\/uploads\/sites\/22\/2014\/10\/diego-corriete-300x205.jpg 300w, https:\/\/static-blogs.hoy.es\/wp-content\/uploads\/sites\/22\/2014\/10\/diego-corriete-768x524.jpg 768w, https:\/\/static-blogs.hoy.es\/wp-content\/uploads\/sites\/22\/2014\/10\/diego-corriete-600x409.jpg 600w\" sizes=\"(max-width: 600px) 100vw, 600px\" \/><\/a><br \/>\nEl <a href=\"http:\/\/clubsenderistaolivenza.es\/\" target=\"_blank\" rel=\"external nofollow\"><strong>Club Prisi\u00f1as de Olivenza<\/strong><\/a> realizar\u00e1 el pr\u00f3ximo 26 de octubre la <strong>ruta de Diego Corriente<\/strong>. Osado y astuto fue llamado el bandolero generoso. Su gran esp\u00edritu le llev\u00f3 siempre a favorecer a los pobres sin buscar jam\u00e1s su enriquecimiento. Y su \u00faltima morada antes de ser apresado para ajusticiarlo fue la Sierra de Alor, en Olivenza.<\/p>\n<p><!--more--><\/p>\n<p>Los caminantes buscar\u00e1n su historia pateando sus secretos senderos y llegando hasta su guarida. La marcha, de 16 kil\u00f3metros, comenzar\u00e1 desde Los Arcos (Olivenza) a las 8:30 y los participantes viajar\u00e1n hasta el siglo XVIII de la mano de uno de los bandoleros m\u00e1s famosos de todos los tiempos.Un historiador se encargar\u00e1 de explicar su historia.<\/p>\n<p>Contacta con el club <a href=\"http:\/\/clubsenderistaolivenza.es\/\" target=\"_blank\" rel=\"external nofollow\"><strong>a trav\u00e9s de su web<\/strong><\/a>.<\/p>\n<!-- AddThis Advanced Settings generic via filter on the_content --><!-- AddThis Share Buttons generic via filter on the_content -->","protected":false},"excerpt":{"rendered":"<p>El Club Prisi\u00f1as de Olivenza realizar\u00e1 el pr\u00f3ximo 26 de octubre la ruta de Diego Corriente. Osado y astuto fue llamado el bandolero generoso. Su gran esp\u00edritu le llev\u00f3 siempre a favorecer a los pobres sin buscar jam\u00e1s su enriquecimiento. Y su \u00faltima morada antes de ser apresado para ajusticiarlo fue la Sierra de Alor, [&hellip;]<!-- AddThis Advanced Settings generic via filter on get_the_excerpt --><!-- AddThis Share Buttons generic via filter on get_the_excerpt --><\/p>\n","protected":false},"author":27,"featured_media":0,"comment_status":"open","ping_status":"closed","sticky":false,"template":"","format":"standard","meta":[],"categories":[4],"tags":[],"_links":{"self":[{"href":"https:\/\/blogs.hoy.es\/senderosextremadura\/wp-json\/wp\/v2\/posts\/2854"}],"collection":[{"href":"https:\/\/blogs.hoy.es\/senderosextremadura\/wp-json\/wp\/v2\/posts"}],"about":[{"href":"https:\/\/blogs.hoy.es\/senderosextremadura\/wp-json\/wp\/v2\/types\/post"}],"author":[{"embeddable":true,"href":"https:\/\/blogs.hoy.es\/senderosextremadura\/wp-json\/wp\/v2\/users\/27"}],"replies":[{"embeddable":true,"href":"https:\/\/blogs.hoy.es\/senderosextremadura\/wp-json\/wp\/v2\/comments?post=2854"}],"version-history":[{"count":0,"href":"https:\/\/blogs.hoy.es\/senderosextremadura\/wp-json\/wp\/v2\/posts\/2854\/revisions"}],"wp:attachment":[{"href":"https:\/\/blogs.hoy.es\/senderosextremadura\/wp-json\/wp\/v2\/media?parent=2854"}],"wp:term":[{"taxonomy":"category","embeddable":true,"href":"https:\/\/blogs.hoy.es\/senderosextremadura\/wp-json\/wp\/v2\/categories?post=2854"},{"taxonomy":"post_tag","embeddable":true,"href":"https:\/\/blogs.hoy.es\/senderosextremadura\/wp-json\/wp\/v2\/tags?post=2854"}],"curies":[{"name":"wp","href":"https:\/\/api.w.org\/{rel}","templated":true}]}}