{"id":2860,"date":"2014-10-20T13:45:43","date_gmt":"2014-10-20T13:45:43","guid":{"rendered":"http:\/\/blogs.hoy.es\/senderosextremadura\/?p=2860"},"modified":"2014-10-20T13:45:43","modified_gmt":"2014-10-20T13:45:43","slug":"600-senderistas-disfrutaron-de-una-espectacular-ruta-en-las-sierras-de-los-santos","status":"publish","type":"post","link":"https:\/\/blogs.hoy.es\/senderosextremadura\/2014\/10\/20\/600-senderistas-disfrutaron-de-una-espectacular-ruta-en-las-sierras-de-los-santos\/","title":{"rendered":"600 senderistas disfrutaron de una espectacular ruta en las sierras de Los Santos"},"content":{"rendered":"<p>&nbsp;<\/p>\n<div id=\"attachment_2862\" style=\"width: 610px\" class=\"wp-caption aligncenter\"><a href=\"https:\/\/blogs.hoy.es\/senderosextremadura\/\"><img aria-describedby=\"caption-attachment-2862\" loading=\"lazy\" class=\"size-large wp-image-2862\" title=\"\" src=\"\/senderosextremadura\/wp-content\/uploads\/sites\/22\/2014\/10\/sierra.jpg.jpg\" alt=\"\" width=\"600\" height=\"401\" srcset=\"https:\/\/static-blogs.hoy.es\/wp-content\/uploads\/sites\/22\/2014\/10\/sierra.jpg.jpg 2048w, https:\/\/static-blogs.hoy.es\/wp-content\/uploads\/sites\/22\/2014\/10\/sierra.jpg-300x201.jpg 300w, https:\/\/static-blogs.hoy.es\/wp-content\/uploads\/sites\/22\/2014\/10\/sierra.jpg-768x514.jpg 768w, https:\/\/static-blogs.hoy.es\/wp-content\/uploads\/sites\/22\/2014\/10\/sierra.jpg-600x401.jpg 600w\" sizes=\"(max-width: 600px) 100vw, 600px\" \/><\/a><p id=\"caption-attachment-2862\" class=\"wp-caption-text\">Senderistas en la ruta de Los Santos de Maimona:: CONRADO R. DEL COSSO<\/p><\/div>\n<p><a href=\"http:\/\/www.hoy.es\/fotos\/extremadura\/201410\/20\/ruta-tres-sierras-3092143753218-mm.html\" target=\"_blank\" rel=\"external nofollow\"><strong>GALER\u00cdA:: La ruta, en im\u00e1genes<\/strong><\/a><\/p>\n<p>\u00c9xito rotundo la tercera edici\u00f3n de <a href=\"http:\/\/www.hoy.es\/fotos\/extremadura\/201410\/20\/ruta-tres-sierras-3092143753218-mm.html\" target=\"_blank\" rel=\"external nofollow\"><strong>Ruta de Las Tres Sierras<\/strong><\/a>, en la que participaron unos <strong>600 senderistas<\/strong> procedentes de distintos puntos de la regi\u00f3n. La marcha ofreci\u00f3 espectaculares vistas de Los Santos de Maimona en un caluroso d\u00eda de oto\u00f1o. Esta actividad fue organizada por la <strong>Asociaci\u00f3n Senderista Cultural La Verea<\/strong>, con la colaboraci\u00f3n del\u00a0 Ayuntamiento de Los Santos, Fundaci\u00f3n Maimona, Diputaci\u00f3n de Badajoz, Federaci\u00f3n Extreme\u00f1a de Monta\u00f1a y Escalada, as\u00ed como de varias empresas de la localidad, que sin duda hicieron posible un nuevo gran espect\u00e1culo deportivo y cultural en el Piropo Blanco.<\/p>\n<p><!--more--><br \/>\nEsta edici\u00f3n ha vuelto a superarse en cuanto a organizaci\u00f3n, siendo felicitados los sante\u00f1os y d\u00e1ndole un sobresaliente en la nota final. Se esperaba mucha presencia de senderistas de todos los puntos de Extremadura, al estar incluida en el calendario\u00a0 &#8216;Camina Extremadura 2014&#8217;.<br \/>\nMigas, churros, caf\u00e9 y una copita de an\u00eds, daban la bienvenida casi sin salir el sol. 20 kil\u00f3metros de gran compa\u00f1\u00eda, en los que no falt\u00f3 el avituallamiento, por los caminos sante\u00f1os marcaban la jornada y unos fabulosos garbanzos regados con un estupendo gazpacho cerraban una gran jornada de convivencia. Amenizada con los bailes regionales con la Asociaci\u00f3n de Mujeres y el Colegio Juan Blanco y una estupenda batukada con los chicos de Agaxatuka . El a\u00f1o que viene m\u00e1s, mejor es dif\u00edcil aunque esta asociaci\u00f3n no deja de sorprender a propios y extra\u00f1os.<\/p>\n<p>La directiva se mostraba muy contenta o orgullosa por como se ha hab\u00eda desarrollado toda la jornada, mucho trabajo detr\u00e1s para que todo en este d\u00eda saliese perfecto. Ruta bien se\u00f1alada, con miembros de la Verea en cruces de caminos, Policia Local y Rural durante el recorrido y la Cruz Roja en todo momento daban mucha calidad a una ruta que se ha desarrollado sin ning\u00fan incidente y si mucha conveniencia entre todos los participantes. Ahora toca descansar para estos amarillos tras un duro esfuerzo, no es nada f\u00e1cil conseguir tanto los medios como la financiaci\u00f3n para este tipo de eventos pero con el trabajo la dedicaci\u00f3n y esfuerzo de gran parte de &#8220;Los Verea&#8221; todo es m\u00e1s sencillo. La cara de los asistentes ya lo dec\u00eda todo.<\/p>\n<p>&nbsp;<\/p>\n<p>Fuente: Lorenzo Monta\u00f1o, <a href=\"http:\/\/www.hoylossantosdemaimona.es\" rel=\"external nofollow\"><strong>HOY Los Santos de Maimona<\/strong><\/a>.<\/p>\n<!-- AddThis Advanced Settings generic via filter on the_content --><!-- AddThis Share Buttons generic via filter on the_content -->","protected":false},"excerpt":{"rendered":"<p>&nbsp; GALER\u00cdA:: La ruta, en im\u00e1genes \u00c9xito rotundo la tercera edici\u00f3n de Ruta de Las Tres Sierras, en la que participaron unos 600 senderistas procedentes de distintos puntos de la regi\u00f3n. La marcha ofreci\u00f3 espectaculares vistas de Los Santos de Maimona en un caluroso d\u00eda de oto\u00f1o. Esta actividad fue organizada por la Asociaci\u00f3n Senderista [&hellip;]<!-- AddThis Advanced Settings generic via filter on get_the_excerpt --><!-- AddThis Share Buttons generic via filter on get_the_excerpt --><\/p>\n","protected":false},"author":27,"featured_media":0,"comment_status":"open","ping_status":"closed","sticky":false,"template":"","format":"standard","meta":[],"categories":[4],"tags":[],"_links":{"self":[{"href":"https:\/\/blogs.hoy.es\/senderosextremadura\/wp-json\/wp\/v2\/posts\/2860"}],"collection":[{"href":"https:\/\/blogs.hoy.es\/senderosextremadura\/wp-json\/wp\/v2\/posts"}],"about":[{"href":"https:\/\/blogs.hoy.es\/senderosextremadura\/wp-json\/wp\/v2\/types\/post"}],"author":[{"embeddable":true,"href":"https:\/\/blogs.hoy.es\/senderosextremadura\/wp-json\/wp\/v2\/users\/27"}],"replies":[{"embeddable":true,"href":"https:\/\/blogs.hoy.es\/senderosextremadura\/wp-json\/wp\/v2\/comments?post=2860"}],"version-history":[{"count":0,"href":"https:\/\/blogs.hoy.es\/senderosextremadura\/wp-json\/wp\/v2\/posts\/2860\/revisions"}],"wp:attachment":[{"href":"https:\/\/blogs.hoy.es\/senderosextremadura\/wp-json\/wp\/v2\/media?parent=2860"}],"wp:term":[{"taxonomy":"category","embeddable":true,"href":"https:\/\/blogs.hoy.es\/senderosextremadura\/wp-json\/wp\/v2\/categories?post=2860"},{"taxonomy":"post_tag","embeddable":true,"href":"https:\/\/blogs.hoy.es\/senderosextremadura\/wp-json\/wp\/v2\/tags?post=2860"}],"curies":[{"name":"wp","href":"https:\/\/api.w.org\/{rel}","templated":true}]}}