{"id":2863,"date":"2014-10-21T15:05:51","date_gmt":"2014-10-21T15:05:51","guid":{"rendered":"http:\/\/blogs.hoy.es\/senderosextremadura\/?p=2863"},"modified":"2014-10-21T15:05:51","modified_gmt":"2014-10-21T15:05:51","slug":"salvaleon-programa-la-ruta-de-la-piedra-monta-2-de-noviembre","status":"publish","type":"post","link":"https:\/\/blogs.hoy.es\/senderosextremadura\/2014\/10\/21\/salvaleon-programa-la-ruta-de-la-piedra-monta-2-de-noviembre\/","title":{"rendered":"Salvale\u00f3n programa la Ruta &#039;De la piedra mont\u00e1&#039; (2 de noviembre)"},"content":{"rendered":"<p><a href=\"https:\/\/blogs.hoy.es\/senderosextremadura\/\"><img loading=\"lazy\" class=\"aligncenter  wp-image-2865\" title=\"\" src=\"\/senderosextremadura\/wp-content\/uploads\/sites\/22\/2014\/10\/piedra.jpg\" alt=\"\" width=\"372\" height=\"525\" srcset=\"https:\/\/static-blogs.hoy.es\/wp-content\/uploads\/sites\/22\/2014\/10\/piedra.jpg 679w, https:\/\/static-blogs.hoy.es\/wp-content\/uploads\/sites\/22\/2014\/10\/piedra-212x300.jpg 212w, https:\/\/static-blogs.hoy.es\/wp-content\/uploads\/sites\/22\/2014\/10\/piedra-600x848.jpg 600w\" sizes=\"(max-width: 372px) 100vw, 372px\" \/><\/a><\/p>\n<p>La asociaci\u00f3n senderista <a href=\"http:\/\/senderismosalvaleon.blogspot.com.es\/\" target=\"_blank\" rel=\"external nofollow\"><strong>El Encinar de Salvale\u00f3n<\/strong><\/a> recorrer\u00e1 el pr\u00f3ximo <strong>2 de noviembre<\/strong> la ruta denominada &#8216;De la piedra mont\u00e1&#8217;. Se trata de una marcha de unos 17 kil\u00f3metros y dificultad media. La salida tendr\u00e1 lugar a las nueve de la ma\u00f1ana desde la Plaza de Espa\u00f1a de la localidad pacense.<\/p>\n<p><!--more-->A la llegada, coincidiendo con la feria de muestras, los participantes podr\u00e1n degustar sardinas, jam\u00f3n ib\u00e9rico y chorizo. Esta actividad no se suspender\u00e1 por motivos meteorol\u00f3gicos, informan desde la organizaci\u00f3n.<\/p>\n<!-- AddThis Advanced Settings generic via filter on the_content --><!-- AddThis Share Buttons generic via filter on the_content -->","protected":false},"excerpt":{"rendered":"<p>La asociaci\u00f3n senderista El Encinar de Salvale\u00f3n recorrer\u00e1 el pr\u00f3ximo 2 de noviembre la ruta denominada &#8216;De la piedra mont\u00e1&#8217;. Se trata de una marcha de unos 17 kil\u00f3metros y dificultad media. La salida tendr\u00e1 lugar a las nueve de la ma\u00f1ana desde la Plaza de Espa\u00f1a de la localidad pacense.<!-- AddThis Advanced Settings generic via filter on get_the_excerpt --><!-- AddThis Share Buttons generic via filter on get_the_excerpt --><\/p>\n","protected":false},"author":27,"featured_media":0,"comment_status":"open","ping_status":"closed","sticky":false,"template":"","format":"standard","meta":[],"categories":[4],"tags":[301,884,906,910],"_links":{"self":[{"href":"https:\/\/blogs.hoy.es\/senderosextremadura\/wp-json\/wp\/v2\/posts\/2863"}],"collection":[{"href":"https:\/\/blogs.hoy.es\/senderosextremadura\/wp-json\/wp\/v2\/posts"}],"about":[{"href":"https:\/\/blogs.hoy.es\/senderosextremadura\/wp-json\/wp\/v2\/types\/post"}],"author":[{"embeddable":true,"href":"https:\/\/blogs.hoy.es\/senderosextremadura\/wp-json\/wp\/v2\/users\/27"}],"replies":[{"embeddable":true,"href":"https:\/\/blogs.hoy.es\/senderosextremadura\/wp-json\/wp\/v2\/comments?post=2863"}],"version-history":[{"count":0,"href":"https:\/\/blogs.hoy.es\/senderosextremadura\/wp-json\/wp\/v2\/posts\/2863\/revisions"}],"wp:attachment":[{"href":"https:\/\/blogs.hoy.es\/senderosextremadura\/wp-json\/wp\/v2\/media?parent=2863"}],"wp:term":[{"taxonomy":"category","embeddable":true,"href":"https:\/\/blogs.hoy.es\/senderosextremadura\/wp-json\/wp\/v2\/categories?post=2863"},{"taxonomy":"post_tag","embeddable":true,"href":"https:\/\/blogs.hoy.es\/senderosextremadura\/wp-json\/wp\/v2\/tags?post=2863"}],"curies":[{"name":"wp","href":"https:\/\/api.w.org\/{rel}","templated":true}]}}