{"id":2873,"date":"2014-10-22T08:51:13","date_gmt":"2014-10-22T08:51:13","guid":{"rendered":"http:\/\/blogs.hoy.es\/senderosextremadura\/?p=2873"},"modified":"2014-10-22T08:51:13","modified_gmt":"2014-10-22T08:51:13","slug":"la-ruta-de-los-calbotes-abrira-el-calendario-otonal-del-jerte","status":"publish","type":"post","link":"https:\/\/blogs.hoy.es\/senderosextremadura\/2014\/10\/22\/la-ruta-de-los-calbotes-abrira-el-calendario-otonal-del-jerte\/","title":{"rendered":"La ruta de Los Calbotes abrir\u00e1 el calendario oto\u00f1al del Jerte"},"content":{"rendered":"<p>&nbsp;<\/p>\n<p><a href=\"https:\/\/blogs.hoy.es\/senderosextremadura\/\"><img loading=\"lazy\" class=\"aligncenter size-full wp-image-2875\" title=\"\" src=\"\/senderosextremadura\/wp-content\/uploads\/sites\/22\/2014\/10\/calbotes.jpg\" alt=\"\" width=\"480\" height=\"360\" srcset=\"https:\/\/static-blogs.hoy.es\/wp-content\/uploads\/sites\/22\/2014\/10\/calbotes.jpg 480w, https:\/\/static-blogs.hoy.es\/wp-content\/uploads\/sites\/22\/2014\/10\/calbotes-300x225.jpg 300w\" sizes=\"(max-width: 480px) 100vw, 480px\" \/><\/a><\/p>\n<p>El <strong>Valle del Jerte<\/strong> ha programado un completo calendario de rutas senderistas para este oto\u00f1o. La Sociedad para la Promoci\u00f3n y el Desarrollo del Valle (Soprodevaje) detalla que las marchas se realizar\u00e1n los fines de semana de noviembre y diciembre.<br \/>\nEl programa arranza el 1 de noviembre con la <strong>ruta de Los Calbotes<\/strong>. El trazado de unos 13 kil\u00f3metros\u00a0 discurre por la <strong>Reserva Natural de la Garganta de los Infiernos<\/strong>. Esta marcha de cuatro horas de duraci\u00f3n ha sido organizada por el <strong>Ayuntamiento de Jerte<\/strong>.<\/p>\n<div id=\"attachment_2876\" style=\"width: 551px\" class=\"wp-caption aligncenter\"><a href=\"https:\/\/blogs.hoy.es\/senderosextremadura\/\"><img aria-describedby=\"caption-attachment-2876\" loading=\"lazy\" class=\" wp-image-2876\" src=\"\/senderosextremadura\/wp-content\/uploads\/sites\/22\/2014\/10\/garganta.jpg\" alt=\"\" width=\"541\" height=\"405\" srcset=\"https:\/\/static-blogs.hoy.es\/wp-content\/uploads\/sites\/22\/2014\/10\/garganta.jpg 979w, https:\/\/static-blogs.hoy.es\/wp-content\/uploads\/sites\/22\/2014\/10\/garganta-300x225.jpg 300w, https:\/\/static-blogs.hoy.es\/wp-content\/uploads\/sites\/22\/2014\/10\/garganta-768x576.jpg 768w, https:\/\/static-blogs.hoy.es\/wp-content\/uploads\/sites\/22\/2014\/10\/garganta-600x450.jpg 600w\" sizes=\"(max-width: 541px) 100vw, 541px\" \/><\/a><p id=\"caption-attachment-2876\" class=\"wp-caption-text\">Estribaciones de Gredos desde la Garganta de los Infiernos<\/p><\/div>\n<p style=\"text-align: center;\"><!--more--><\/p>\n<p>El d\u00eda 8 est\u00e1 prevista otra rutas hasta <a href=\"http:\/\/www.hoy.es\/v\/20100512\/sociedad\/robledal-solana-barrado-entre-20100512.html\" rel=\"external nofollow\"><strong>El Robledal de la Solana<\/strong><\/a>, promovida en este caso por la Asociaci\u00f3n Cultural de Barrado. Para el 15 de noviembre se ha previsto una marcha desde <strong>Cabezuela del Valle a la Garganta de los Asperones<\/strong>. Un d\u00eda despu\u00e9s los caminantes podr\u00e1n ir hasta la <strong>Cueva de Santiago Le\u00f3n<\/strong>, en Tornavacas. El calendario continuar\u00e1 hasta el 6 de diciembre, inclusive.<\/p>\n<!-- AddThis Advanced Settings generic via filter on the_content --><!-- AddThis Share Buttons generic via filter on the_content -->","protected":false},"excerpt":{"rendered":"<p>&nbsp; El Valle del Jerte ha programado un completo calendario de rutas senderistas para este oto\u00f1o. La Sociedad para la Promoci\u00f3n y el Desarrollo del Valle (Soprodevaje) detalla que las marchas se realizar\u00e1n los fines de semana de noviembre y diciembre. El programa arranza el 1 de noviembre con la ruta de Los Calbotes. El [&hellip;]<!-- AddThis Advanced Settings generic via filter on get_the_excerpt --><!-- AddThis Share Buttons generic via filter on get_the_excerpt --><\/p>\n","protected":false},"author":3,"featured_media":0,"comment_status":"open","ping_status":"closed","sticky":false,"template":"","format":"standard","meta":[],"categories":[4],"tags":[821,831,906,917,1035,1063],"_links":{"self":[{"href":"https:\/\/blogs.hoy.es\/senderosextremadura\/wp-json\/wp\/v2\/posts\/2873"}],"collection":[{"href":"https:\/\/blogs.hoy.es\/senderosextremadura\/wp-json\/wp\/v2\/posts"}],"about":[{"href":"https:\/\/blogs.hoy.es\/senderosextremadura\/wp-json\/wp\/v2\/types\/post"}],"author":[{"embeddable":true,"href":"https:\/\/blogs.hoy.es\/senderosextremadura\/wp-json\/wp\/v2\/users\/3"}],"replies":[{"embeddable":true,"href":"https:\/\/blogs.hoy.es\/senderosextremadura\/wp-json\/wp\/v2\/comments?post=2873"}],"version-history":[{"count":0,"href":"https:\/\/blogs.hoy.es\/senderosextremadura\/wp-json\/wp\/v2\/posts\/2873\/revisions"}],"wp:attachment":[{"href":"https:\/\/blogs.hoy.es\/senderosextremadura\/wp-json\/wp\/v2\/media?parent=2873"}],"wp:term":[{"taxonomy":"category","embeddable":true,"href":"https:\/\/blogs.hoy.es\/senderosextremadura\/wp-json\/wp\/v2\/categories?post=2873"},{"taxonomy":"post_tag","embeddable":true,"href":"https:\/\/blogs.hoy.es\/senderosextremadura\/wp-json\/wp\/v2\/tags?post=2873"}],"curies":[{"name":"wp","href":"https:\/\/api.w.org\/{rel}","templated":true}]}}