{"id":2877,"date":"2014-10-22T09:34:44","date_gmt":"2014-10-22T09:34:44","guid":{"rendered":"http:\/\/blogs.hoy.es\/senderosextremadura\/?p=2877"},"modified":"2014-10-22T09:34:44","modified_gmt":"2014-10-22T09:34:44","slug":"de-la-garganta-a-banos-por-el-puerto-de-bejar-8-de-noviembre","status":"publish","type":"post","link":"https:\/\/blogs.hoy.es\/senderosextremadura\/2014\/10\/22\/de-la-garganta-a-banos-por-el-puerto-de-bejar-8-de-noviembre\/","title":{"rendered":"De La Garganta a Ba\u00f1os por el Puerto de B\u00e9jar (8 de noviembre)"},"content":{"rendered":"<div id=\"attachment_2878\" style=\"width: 655px\" class=\"wp-caption aligncenter\"><a href=\"https:\/\/blogs.hoy.es\/senderosextremadura\"><img aria-describedby=\"caption-attachment-2878\" loading=\"lazy\" class=\" wp-image-2878\" title=\"\" src=\"\/senderosextremadura\/wp-content\/uploads\/sites\/22\/2014\/10\/caminantes.jpg\" alt=\"\" width=\"645\" height=\"362\" srcset=\"https:\/\/static-blogs.hoy.es\/wp-content\/uploads\/sites\/22\/2014\/10\/caminantes.jpg 950w, https:\/\/static-blogs.hoy.es\/wp-content\/uploads\/sites\/22\/2014\/10\/caminantes-300x169.jpg 300w, https:\/\/static-blogs.hoy.es\/wp-content\/uploads\/sites\/22\/2014\/10\/caminantes-768x432.jpg 768w, https:\/\/static-blogs.hoy.es\/wp-content\/uploads\/sites\/22\/2014\/10\/caminantes-600x337.jpg 600w\" sizes=\"(max-width: 645px) 100vw, 645px\" \/><\/a><p id=\"caption-attachment-2878\" class=\"wp-caption-text\">Caminata por los bosques del Ambroz<\/p><\/div>\n<p>El <strong>Oto\u00f1o M\u00e1gico del Valle del Ambroz<\/strong> incluye una vez m\u00e1s en su extenso programa de actividades una ruta senderista. En esta ocasi\u00f3n la marcha &#8216;Paisaje y paisajaje&#8217; tendr\u00e1 lugar el s\u00e1bado 8 de noviembre y discurrir\u00e1 desde <strong>La Garganta<\/strong>, el mejor punto para contemplar el Valle, hasta <strong>Ba\u00f1os de Montemayor<\/strong>, caminando por el Puerto de B\u00e9jar.<\/p>\n<p><!--more--><\/p>\n<p>Desde <strong>La Redondilla<\/strong> a Ba\u00f1os los senderistas atravesar\u00e1n un bosque que ofrece un gran \u201cespect\u00e1culo crom\u00e1tico\u201d. Las plazas para participar en la ruta son limitadas para uso de autob\u00fas. La inscripci\u00f3n es obligatoria y debe realizarse antes del 6 noviembre a trav\u00e9s de la web <a href=\"http:\/\/visitambroz.com\/valledelambroz\/inicio\/\" target=\"_blank\" rel=\"external nofollow\"><strong>www.visitambroz.com<\/strong><\/a>. El punto de encuentro para el inicio de la march\u00e1 ser\u00e1 el ayuntamiento de La Garganta a las 9.30 horas.<\/p>\n<!-- AddThis Advanced Settings generic via filter on the_content --><!-- AddThis Share Buttons generic via filter on the_content -->","protected":false},"excerpt":{"rendered":"<p>El Oto\u00f1o M\u00e1gico del Valle del Ambroz incluye una vez m\u00e1s en su extenso programa de actividades una ruta senderista. En esta ocasi\u00f3n la marcha &#8216;Paisaje y paisajaje&#8217; tendr\u00e1 lugar el s\u00e1bado 8 de noviembre y discurrir\u00e1 desde La Garganta, el mejor punto para contemplar el Valle, hasta Ba\u00f1os de Montemayor, caminando por el Puerto [&hellip;]<!-- AddThis Advanced Settings generic via filter on get_the_excerpt --><!-- AddThis Share Buttons generic via filter on get_the_excerpt --><\/p>\n","protected":false},"author":3,"featured_media":0,"comment_status":"open","ping_status":"closed","sticky":false,"template":"","format":"standard","meta":[],"categories":[4],"tags":[88,381,596,804,821,917,1060],"_links":{"self":[{"href":"https:\/\/blogs.hoy.es\/senderosextremadura\/wp-json\/wp\/v2\/posts\/2877"}],"collection":[{"href":"https:\/\/blogs.hoy.es\/senderosextremadura\/wp-json\/wp\/v2\/posts"}],"about":[{"href":"https:\/\/blogs.hoy.es\/senderosextremadura\/wp-json\/wp\/v2\/types\/post"}],"author":[{"embeddable":true,"href":"https:\/\/blogs.hoy.es\/senderosextremadura\/wp-json\/wp\/v2\/users\/3"}],"replies":[{"embeddable":true,"href":"https:\/\/blogs.hoy.es\/senderosextremadura\/wp-json\/wp\/v2\/comments?post=2877"}],"version-history":[{"count":0,"href":"https:\/\/blogs.hoy.es\/senderosextremadura\/wp-json\/wp\/v2\/posts\/2877\/revisions"}],"wp:attachment":[{"href":"https:\/\/blogs.hoy.es\/senderosextremadura\/wp-json\/wp\/v2\/media?parent=2877"}],"wp:term":[{"taxonomy":"category","embeddable":true,"href":"https:\/\/blogs.hoy.es\/senderosextremadura\/wp-json\/wp\/v2\/categories?post=2877"},{"taxonomy":"post_tag","embeddable":true,"href":"https:\/\/blogs.hoy.es\/senderosextremadura\/wp-json\/wp\/v2\/tags?post=2877"}],"curies":[{"name":"wp","href":"https:\/\/api.w.org\/{rel}","templated":true}]}}