{"id":2881,"date":"2014-10-24T11:22:06","date_gmt":"2014-10-24T11:22:06","guid":{"rendered":"http:\/\/blogs.hoy.es\/senderosextremadura\/?p=2881"},"modified":"2014-10-24T11:22:06","modified_gmt":"2014-10-24T11:22:06","slug":"ruta-guiada-por-la-senda-de-los-castanares-de-higuera-de-albalat-1-de-noviembre","status":"publish","type":"post","link":"https:\/\/blogs.hoy.es\/senderosextremadura\/2014\/10\/24\/ruta-guiada-por-la-senda-de-los-castanares-de-higuera-de-albalat-1-de-noviembre\/","title":{"rendered":"Ruta guiada por la senda de los Casta\u00f1ares de Higuera de Albalat (1 de noviembre)"},"content":{"rendered":"<p><a href=\"https:\/\/blogs.hoy.es\/senderosextremadura\/\"><img loading=\"lazy\" class=\"aligncenter  wp-image-2883\" title=\"\" src=\"\/senderosextremadura\/wp-content\/uploads\/sites\/22\/2014\/10\/300px-Panoramica_de_Higuera.jpg\" alt=\"\" width=\"300\" height=\"236\" \/><\/a><\/p>\n<p>&#8216;Las cuatro estaciones en Higuera&#8217; es el t\u00edtulo del ciclo de conferencias y rutas guiadas que el <strong>Ayuntamiento de Higuera de Albalat<\/strong> llevar\u00e1 a cabo en los pr\u00f3ximos meses. La primera ser\u00e1 el d\u00eda 1 de noviembre con el oto\u00f1o. Se enmarca dentro de las iniciativas para dar a conocer la riqueza natural de la <a href=\"http:\/\/www.parquedemonfrague.com\/\" target=\"_blank\" rel=\"external nofollow\"><strong>Reserva de la Biosfera de Monfrag\u00fce<\/strong><\/a>. De ah\u00ed la colaboraci\u00f3n de monitores de educaci\u00f3n ambiental del parque nacional.<\/p>\n<p><!--more--><\/p>\n<p>La actividad arrancar\u00e1 a las diez con una conferencia sobre la Biodiversidad de la Reserva en el Centro Multiactividades, para continuar a las doce con una<strong> ruta guiada por la senda de los Casta\u00f1ares<\/strong>, en la que abundan madro\u00f1os, membrillos, granados o casta\u00f1os. Tambi\u00e9n ser\u00e1 posible observar buitres y aves con telescopios e incluso alguna cierva.<\/p>\n<p>Una vez termine la ruta habr\u00e1 una <strong>degustaci\u00f3n de casta\u00f1as asadas<\/strong> en el merendero, los tradicionales &#8216;calbotes&#8217;. Los interesados en tomar parte tienen que inscribirse antes del d\u00eda 30 en <strong>higuera@campoaranuelo.org<\/strong> o llamando al tel\u00e9fono <strong>927 576 577<\/strong>, entre las nueve y las dos.<\/p>\n<!-- AddThis Advanced Settings generic via filter on the_content --><!-- AddThis Share Buttons generic via filter on the_content -->","protected":false},"excerpt":{"rendered":"<p>&#8216;Las cuatro estaciones en Higuera&#8217; es el t\u00edtulo del ciclo de conferencias y rutas guiadas que el Ayuntamiento de Higuera de Albalat llevar\u00e1 a cabo en los pr\u00f3ximos meses. La primera ser\u00e1 el d\u00eda 1 de noviembre con el oto\u00f1o. Se enmarca dentro de las iniciativas para dar a conocer la riqueza natural de la [&hellip;]<!-- AddThis Advanced Settings generic via filter on get_the_excerpt --><!-- AddThis Share Buttons generic via filter on get_the_excerpt --><\/p>\n","protected":false},"author":27,"featured_media":0,"comment_status":"open","ping_status":"closed","sticky":false,"template":"","format":"standard","meta":[],"categories":[4],"tags":[],"_links":{"self":[{"href":"https:\/\/blogs.hoy.es\/senderosextremadura\/wp-json\/wp\/v2\/posts\/2881"}],"collection":[{"href":"https:\/\/blogs.hoy.es\/senderosextremadura\/wp-json\/wp\/v2\/posts"}],"about":[{"href":"https:\/\/blogs.hoy.es\/senderosextremadura\/wp-json\/wp\/v2\/types\/post"}],"author":[{"embeddable":true,"href":"https:\/\/blogs.hoy.es\/senderosextremadura\/wp-json\/wp\/v2\/users\/27"}],"replies":[{"embeddable":true,"href":"https:\/\/blogs.hoy.es\/senderosextremadura\/wp-json\/wp\/v2\/comments?post=2881"}],"version-history":[{"count":0,"href":"https:\/\/blogs.hoy.es\/senderosextremadura\/wp-json\/wp\/v2\/posts\/2881\/revisions"}],"wp:attachment":[{"href":"https:\/\/blogs.hoy.es\/senderosextremadura\/wp-json\/wp\/v2\/media?parent=2881"}],"wp:term":[{"taxonomy":"category","embeddable":true,"href":"https:\/\/blogs.hoy.es\/senderosextremadura\/wp-json\/wp\/v2\/categories?post=2881"},{"taxonomy":"post_tag","embeddable":true,"href":"https:\/\/blogs.hoy.es\/senderosextremadura\/wp-json\/wp\/v2\/tags?post=2881"}],"curies":[{"name":"wp","href":"https:\/\/api.w.org\/{rel}","templated":true}]}}