{"id":2884,"date":"2014-10-24T12:02:12","date_gmt":"2014-10-24T12:02:12","guid":{"rendered":"http:\/\/blogs.hoy.es\/senderosextremadura\/?p=2884"},"modified":"2014-10-24T12:02:12","modified_gmt":"2014-10-24T12:02:12","slug":"ruta-por-la-sierra-de-quintana-el-mejor-mirador-s","status":"publish","type":"post","link":"https:\/\/blogs.hoy.es\/senderosextremadura\/2014\/10\/24\/ruta-por-la-sierra-de-quintana-el-mejor-mirador-s\/","title":{"rendered":"Ruta por la sierra de Quintana, mirador de La Serena (16 de noviembre)"},"content":{"rendered":"<div id=\"attachment_2886\" style=\"width: 610px\" class=\"wp-caption aligncenter\"><a href=\"https:\/\/blogs.hoy.es\/senderosextremadura\/\"><img aria-describedby=\"caption-attachment-2886\" loading=\"lazy\" class=\"size-large wp-image-2886\" title=\"\" src=\"\/senderosextremadura\/wp-content\/uploads\/sites\/22\/2014\/10\/sierra.jpg\" alt=\"\" width=\"600\" height=\"450\" srcset=\"https:\/\/static-blogs.hoy.es\/wp-content\/uploads\/sites\/22\/2014\/10\/sierra.jpg 1200w, https:\/\/static-blogs.hoy.es\/wp-content\/uploads\/sites\/22\/2014\/10\/sierra-300x225.jpg 300w, https:\/\/static-blogs.hoy.es\/wp-content\/uploads\/sites\/22\/2014\/10\/sierra-768x576.jpg 768w, https:\/\/static-blogs.hoy.es\/wp-content\/uploads\/sites\/22\/2014\/10\/sierra-600x450.jpg 600w\" sizes=\"(max-width: 600px) 100vw, 600px\" \/><\/a><p id=\"caption-attachment-2886\" class=\"wp-caption-text\">Sierra de Quintana de la Serena:: A.M.<\/p><\/div>\n<p><strong>Quintanta de la Serena<\/strong> acoge el 16 de noviembre una ruta por su sierra, desde donde se divisan espectaculares vistas de toda la comarca. Los senderistas partir\u00e1n a las nueve de la ma\u00f1ana desde el Mes\u00f3n San Francisco, donde tambi\u00e9n se sit\u00faa la parada de autobuses. La marcha, organizada por el <strong>Club Senderista 106<\/strong>, contar\u00e1 con dos recorridos alternativos,\u00a0 uno de 16 kil\u00f3metros y otro de 10. Habr\u00e1 coche de apoyo y avituallamiento.<\/p>\n<p><!--more--><\/p>\n<p>Se trata de una actividad gratuita pero hay que confirmar asistencia en el m\u00f3vil 629 852 187 o en la Casa de Cultura, <strong>924 777262<\/strong>.<\/p>\n<!-- AddThis Advanced Settings generic via filter on the_content --><!-- AddThis Share Buttons generic via filter on the_content -->","protected":false},"excerpt":{"rendered":"<p>Quintanta de la Serena acoge el 16 de noviembre una ruta por su sierra, desde donde se divisan espectaculares vistas de toda la comarca. Los senderistas partir\u00e1n a las nueve de la ma\u00f1ana desde el Mes\u00f3n San Francisco, donde tambi\u00e9n se sit\u00faa la parada de autobuses. La marcha, organizada por el Club Senderista 106, contar\u00e1 [&hellip;]<!-- AddThis Advanced Settings generic via filter on get_the_excerpt --><!-- AddThis Share Buttons generic via filter on get_the_excerpt --><\/p>\n","protected":false},"author":27,"featured_media":0,"comment_status":"open","ping_status":"closed","sticky":false,"template":"","format":"standard","meta":[],"categories":[3],"tags":[],"_links":{"self":[{"href":"https:\/\/blogs.hoy.es\/senderosextremadura\/wp-json\/wp\/v2\/posts\/2884"}],"collection":[{"href":"https:\/\/blogs.hoy.es\/senderosextremadura\/wp-json\/wp\/v2\/posts"}],"about":[{"href":"https:\/\/blogs.hoy.es\/senderosextremadura\/wp-json\/wp\/v2\/types\/post"}],"author":[{"embeddable":true,"href":"https:\/\/blogs.hoy.es\/senderosextremadura\/wp-json\/wp\/v2\/users\/27"}],"replies":[{"embeddable":true,"href":"https:\/\/blogs.hoy.es\/senderosextremadura\/wp-json\/wp\/v2\/comments?post=2884"}],"version-history":[{"count":0,"href":"https:\/\/blogs.hoy.es\/senderosextremadura\/wp-json\/wp\/v2\/posts\/2884\/revisions"}],"wp:attachment":[{"href":"https:\/\/blogs.hoy.es\/senderosextremadura\/wp-json\/wp\/v2\/media?parent=2884"}],"wp:term":[{"taxonomy":"category","embeddable":true,"href":"https:\/\/blogs.hoy.es\/senderosextremadura\/wp-json\/wp\/v2\/categories?post=2884"},{"taxonomy":"post_tag","embeddable":true,"href":"https:\/\/blogs.hoy.es\/senderosextremadura\/wp-json\/wp\/v2\/tags?post=2884"}],"curies":[{"name":"wp","href":"https:\/\/api.w.org\/{rel}","templated":true}]}}