{"id":2888,"date":"2014-10-27T11:25:33","date_gmt":"2014-10-27T11:25:33","guid":{"rendered":"http:\/\/blogs.hoy.es\/senderosextremadura\/?p=2888"},"modified":"2014-10-27T11:25:33","modified_gmt":"2014-10-27T11:25:33","slug":"entre-enormes-castanos-del-jerte","status":"publish","type":"post","link":"https:\/\/blogs.hoy.es\/senderosextremadura\/2014\/10\/27\/entre-enormes-castanos-del-jerte\/","title":{"rendered":"Entre enormes casta\u00f1os del Jerte"},"content":{"rendered":"<p><a href=\"https:\/\/blogs.hoy.es\/senderosextremadura\/\"><img loading=\"lazy\" class=\"wp-image-2890 alignnone\" title=\"\" src=\"\/senderosextremadura\/wp-content\/uploads\/sites\/22\/2014\/10\/castanos.jpg\" alt=\"\" width=\"423\" height=\"317\" srcset=\"https:\/\/static-blogs.hoy.es\/wp-content\/uploads\/sites\/22\/2014\/10\/castanos.jpg 1280w, https:\/\/static-blogs.hoy.es\/wp-content\/uploads\/sites\/22\/2014\/10\/castanos-300x225.jpg 300w, https:\/\/static-blogs.hoy.es\/wp-content\/uploads\/sites\/22\/2014\/10\/castanos-768x576.jpg 768w, https:\/\/static-blogs.hoy.es\/wp-content\/uploads\/sites\/22\/2014\/10\/castanos-600x450.jpg 600w\" sizes=\"(max-width: 423px) 100vw, 423px\" \/><\/a><\/p>\n<p>&nbsp;<\/p>\n<p>Con gran expectaci\u00f3n fue acogida la ruta senderista que se celebr\u00f3 este domingo 26 de octubre en el Valle del Jerte, m\u00e1s concretamente en la poblaci\u00f3n de Casas de Casta\u00f1ar, lugar de salida y llegada de la actividad.<\/p>\n<p><!--more--><\/p>\n<p>La ruta de dificultad media baja anim\u00f3 la presencia de cerca de 70 senderistas, que a\u00f1adido a las altas temperaturas que se est\u00e1n dando en estos d\u00edas, propici\u00f3 que una alta participaci\u00f3n disfrutase del m\u00e1gico entorno de la zona donde transcurri\u00f3 la ruta.<\/p>\n<p>Sobre las 09.20 de la ma\u00f1ana part\u00edamos de la poblaci\u00f3n de Casas de Casta\u00f1ar, por la senda SL-CC-34, donde un tupido bosque de casta\u00f1os alberga varios de estos ejemplares m\u00e1s singulares de la pen\u00ednsula como el de Escondelobo y el de la Fuente de las Escobanchas, enormes casta\u00f1os con cientos de a\u00f1os de supervivencia que deleitaron la vista a todos los asistentes.<\/p>\n<p>Siguiendo la senda entroncamos con una nueva ruta con el PR-CC-24 o denominada \u201cEra de San Bernab\u00e9\u201d, donde se alternaban bosques de robles y casta\u00f1os por pista bien acondicionada hasta llegar al mismo lugar de la Era, con una vista inmejorable de toda la zona del Valle del Jerte, destacando el embalse de Plasencia que re\u00fane el m\u00e1ximo de su capacidad 59 hm3, lugar de parada para tomar el aperitivo de la ma\u00f1ana.<\/p>\n<p>Sobre las 13.00 horas, despu\u00e9s de tres horas y media, lleg\u00e1bamos nuevamente a la poblaci\u00f3n de partida, tras haber recorrido 13 Km. de ruta circular.<\/p>\n<p>Fuente: <a href=\"http:\/\/senderismocoria.blogspot.com.es\/\" target=\"_blank\" rel=\"external nofollow\"><strong>Senderismo Coria<\/strong><\/a><\/p>\n<!-- AddThis Advanced Settings generic via filter on the_content --><!-- AddThis Share Buttons generic via filter on the_content -->","protected":false},"excerpt":{"rendered":"<p>&nbsp; Con gran expectaci\u00f3n fue acogida la ruta senderista que se celebr\u00f3 este domingo 26 de octubre en el Valle del Jerte, m\u00e1s concretamente en la poblaci\u00f3n de Casas de Casta\u00f1ar, lugar de salida y llegada de la actividad.<!-- AddThis Advanced Settings generic via filter on get_the_excerpt --><!-- AddThis Share Buttons generic via filter on get_the_excerpt --><\/p>\n","protected":false},"author":27,"featured_media":0,"comment_status":"open","ping_status":"closed","sticky":false,"template":"","format":"standard","meta":[],"categories":[3],"tags":[],"_links":{"self":[{"href":"https:\/\/blogs.hoy.es\/senderosextremadura\/wp-json\/wp\/v2\/posts\/2888"}],"collection":[{"href":"https:\/\/blogs.hoy.es\/senderosextremadura\/wp-json\/wp\/v2\/posts"}],"about":[{"href":"https:\/\/blogs.hoy.es\/senderosextremadura\/wp-json\/wp\/v2\/types\/post"}],"author":[{"embeddable":true,"href":"https:\/\/blogs.hoy.es\/senderosextremadura\/wp-json\/wp\/v2\/users\/27"}],"replies":[{"embeddable":true,"href":"https:\/\/blogs.hoy.es\/senderosextremadura\/wp-json\/wp\/v2\/comments?post=2888"}],"version-history":[{"count":0,"href":"https:\/\/blogs.hoy.es\/senderosextremadura\/wp-json\/wp\/v2\/posts\/2888\/revisions"}],"wp:attachment":[{"href":"https:\/\/blogs.hoy.es\/senderosextremadura\/wp-json\/wp\/v2\/media?parent=2888"}],"wp:term":[{"taxonomy":"category","embeddable":true,"href":"https:\/\/blogs.hoy.es\/senderosextremadura\/wp-json\/wp\/v2\/categories?post=2888"},{"taxonomy":"post_tag","embeddable":true,"href":"https:\/\/blogs.hoy.es\/senderosextremadura\/wp-json\/wp\/v2\/tags?post=2888"}],"curies":[{"name":"wp","href":"https:\/\/api.w.org\/{rel}","templated":true}]}}