{"id":2891,"date":"2014-10-28T17:32:01","date_gmt":"2014-10-28T17:32:01","guid":{"rendered":"http:\/\/blogs.hoy.es\/senderosextremadura\/?p=2891"},"modified":"2014-10-28T17:32:01","modified_gmt":"2014-10-28T17:32:01","slug":"senderistas-de-guarena-recorreran-la-ruta-de-isabel-la-catolica-9-de-noviembre","status":"publish","type":"post","link":"https:\/\/blogs.hoy.es\/senderosextremadura\/2014\/10\/28\/senderistas-de-guarena-recorreran-la-ruta-de-isabel-la-catolica-9-de-noviembre\/","title":{"rendered":"Senderistas de Guare\u00f1a recorrer\u00e1n la ruta de Isabel La Cat\u00f3lica (9 de noviembre)"},"content":{"rendered":"<p>El <a href=\"https:\/\/www.facebook.com\/senderismo.valdearenales?fref=photo\" rel=\"external nofollow\"><strong>club Valdearenales de Guare\u00f1a<\/strong><\/a> realizar\u00e1 el domingo 9 de noviembre la ruta de Isabel la Cat\u00f3lica. Realizar\u00e1n una marcha de 14,5 kil\u00f3metros y dificultad media-baja. Los caminantes saldr\u00e1n desde la parada de autobuses de la localidad pacense a las siete de la ma\u00f1ana.<\/p>\n<p><!--more--><\/p>\n<p>El precio de la inscripci\u00f3n es de tres euros para socios y ocho para los no socios.<br \/>\nM\u00e1s informaci\u00f3n en el tel\u00e9fono\u00a0 618536452<\/p>\n<!-- AddThis Advanced Settings generic via filter on the_content --><!-- AddThis Share Buttons generic via filter on the_content -->","protected":false},"excerpt":{"rendered":"<p>El club Valdearenales de Guare\u00f1a realizar\u00e1 el domingo 9 de noviembre la ruta de Isabel la Cat\u00f3lica. Realizar\u00e1n una marcha de 14,5 kil\u00f3metros y dificultad media-baja. Los caminantes saldr\u00e1n desde la parada de autobuses de la localidad pacense a las siete de la ma\u00f1ana.<!-- AddThis Advanced Settings generic via filter on get_the_excerpt --><!-- AddThis Share Buttons generic via filter on get_the_excerpt --><\/p>\n","protected":false},"author":27,"featured_media":0,"comment_status":"open","ping_status":"closed","sticky":false,"template":"","format":"standard","meta":[],"categories":[4],"tags":[364,372,873,917],"_links":{"self":[{"href":"https:\/\/blogs.hoy.es\/senderosextremadura\/wp-json\/wp\/v2\/posts\/2891"}],"collection":[{"href":"https:\/\/blogs.hoy.es\/senderosextremadura\/wp-json\/wp\/v2\/posts"}],"about":[{"href":"https:\/\/blogs.hoy.es\/senderosextremadura\/wp-json\/wp\/v2\/types\/post"}],"author":[{"embeddable":true,"href":"https:\/\/blogs.hoy.es\/senderosextremadura\/wp-json\/wp\/v2\/users\/27"}],"replies":[{"embeddable":true,"href":"https:\/\/blogs.hoy.es\/senderosextremadura\/wp-json\/wp\/v2\/comments?post=2891"}],"version-history":[{"count":0,"href":"https:\/\/blogs.hoy.es\/senderosextremadura\/wp-json\/wp\/v2\/posts\/2891\/revisions"}],"wp:attachment":[{"href":"https:\/\/blogs.hoy.es\/senderosextremadura\/wp-json\/wp\/v2\/media?parent=2891"}],"wp:term":[{"taxonomy":"category","embeddable":true,"href":"https:\/\/blogs.hoy.es\/senderosextremadura\/wp-json\/wp\/v2\/categories?post=2891"},{"taxonomy":"post_tag","embeddable":true,"href":"https:\/\/blogs.hoy.es\/senderosextremadura\/wp-json\/wp\/v2\/tags?post=2891"}],"curies":[{"name":"wp","href":"https:\/\/api.w.org\/{rel}","templated":true}]}}