{"id":2894,"date":"2014-10-28T17:44:29","date_gmt":"2014-10-28T17:44:29","guid":{"rendered":"http:\/\/blogs.hoy.es\/senderosextremadura\/?p=2894"},"modified":"2014-10-28T17:44:29","modified_gmt":"2014-10-28T17:44:29","slug":"marcha-para-conocer-el-lavadero-de-lanas-de-ribera-del-fresno","status":"publish","type":"post","link":"https:\/\/blogs.hoy.es\/senderosextremadura\/2014\/10\/28\/marcha-para-conocer-el-lavadero-de-lanas-de-ribera-del-fresno\/","title":{"rendered":"Marcha para conocer el lavadero de lanas de Ribera del Fresno (2 de noviembre)"},"content":{"rendered":"<p><a href=\"https:\/\/blogs.hoy.es\/senderosextremadura\/\"><img loading=\"lazy\" class=\"aligncenter size-large wp-image-2897\" title=\"\" src=\"\/senderosextremadura\/wp-content\/uploads\/sites\/22\/2014\/10\/ruta-lanas.jpg\" alt=\"\" width=\"600\" height=\"450\" srcset=\"https:\/\/static-blogs.hoy.es\/wp-content\/uploads\/sites\/22\/2014\/10\/ruta-lanas.jpg 960w, https:\/\/static-blogs.hoy.es\/wp-content\/uploads\/sites\/22\/2014\/10\/ruta-lanas-300x225.jpg 300w, https:\/\/static-blogs.hoy.es\/wp-content\/uploads\/sites\/22\/2014\/10\/ruta-lanas-768x576.jpg 768w, https:\/\/static-blogs.hoy.es\/wp-content\/uploads\/sites\/22\/2014\/10\/ruta-lanas-600x450.jpg 600w\" sizes=\"(max-width: 600px) 100vw, 600px\" \/><\/a><\/p>\n<p>El grupo de <strong>Amigos Senderistas La Alberca<\/strong> realiza este pr\u00f3ximo 2 de noviembre la II Ruta al <strong>Lavadero de Lana<\/strong>s, en Ribera del Fresno. La marcha circular de unos 17 kil\u00f3metros partir\u00e1 a las ocho de la ma\u00f1ana desde el &#8216;Parque de la Alameda&#8217;. Recorrer\u00e1n dos abrevaderos, la pe\u00f1a la sorda, el molino del ni\u00f1o, punto geod\u00e9sico, la fuente de la paciencia, la vega de San Pedro, varios cortijos y el propio lavadero, as\u00ed como alguna huerta, la charca la negra y el molino del ni\u00f1o. Los caminantes disfrutar\u00e1n de explicaciones y aportaciones.<\/p>\n<p><!--more--><\/p>\n<p>La marcha tiene una dificultad media-baja y se prolonga durante algo m\u00e1s de tres horas por el entorno de la localidad y sus anejos de Villafranca de los Barros, Palomas y el cercano municipio de Puebla del Prior.<\/p>\n<!-- AddThis Advanced Settings generic via filter on the_content --><!-- AddThis Share Buttons generic via filter on the_content -->","protected":false},"excerpt":{"rendered":"<p>El grupo de Amigos Senderistas La Alberca realiza este pr\u00f3ximo 2 de noviembre la II Ruta al Lavadero de Lanas, en Ribera del Fresno. La marcha circular de unos 17 kil\u00f3metros partir\u00e1 a las ocho de la ma\u00f1ana desde el &#8216;Parque de la Alameda&#8217;. Recorrer\u00e1n dos abrevaderos, la pe\u00f1a la sorda, el molino del ni\u00f1o, [&hellip;]<!-- AddThis Advanced Settings generic via filter on get_the_excerpt --><!-- AddThis Share Buttons generic via filter on get_the_excerpt --><\/p>\n","protected":false},"author":27,"featured_media":2897,"comment_status":"open","ping_status":"closed","sticky":false,"template":"","format":"standard","meta":[],"categories":[4],"tags":[],"_links":{"self":[{"href":"https:\/\/blogs.hoy.es\/senderosextremadura\/wp-json\/wp\/v2\/posts\/2894"}],"collection":[{"href":"https:\/\/blogs.hoy.es\/senderosextremadura\/wp-json\/wp\/v2\/posts"}],"about":[{"href":"https:\/\/blogs.hoy.es\/senderosextremadura\/wp-json\/wp\/v2\/types\/post"}],"author":[{"embeddable":true,"href":"https:\/\/blogs.hoy.es\/senderosextremadura\/wp-json\/wp\/v2\/users\/27"}],"replies":[{"embeddable":true,"href":"https:\/\/blogs.hoy.es\/senderosextremadura\/wp-json\/wp\/v2\/comments?post=2894"}],"version-history":[{"count":0,"href":"https:\/\/blogs.hoy.es\/senderosextremadura\/wp-json\/wp\/v2\/posts\/2894\/revisions"}],"wp:featuredmedia":[{"embeddable":true,"href":"https:\/\/blogs.hoy.es\/senderosextremadura\/wp-json\/wp\/v2\/media\/2897"}],"wp:attachment":[{"href":"https:\/\/blogs.hoy.es\/senderosextremadura\/wp-json\/wp\/v2\/media?parent=2894"}],"wp:term":[{"taxonomy":"category","embeddable":true,"href":"https:\/\/blogs.hoy.es\/senderosextremadura\/wp-json\/wp\/v2\/categories?post=2894"},{"taxonomy":"post_tag","embeddable":true,"href":"https:\/\/blogs.hoy.es\/senderosextremadura\/wp-json\/wp\/v2\/tags?post=2894"}],"curies":[{"name":"wp","href":"https:\/\/api.w.org\/{rel}","templated":true}]}}