{"id":290,"date":"2012-03-27T21:20:22","date_gmt":"2012-03-27T21:20:22","guid":{"rendered":"http:\/\/blogs.hoy.es\/senderosextremadura\/?p=290"},"modified":"2012-03-27T21:20:22","modified_gmt":"2012-03-27T21:20:22","slug":"17-kilometros-por-las-dehesas-de-salvaleon-5-de-abril","status":"publish","type":"post","link":"https:\/\/blogs.hoy.es\/senderosextremadura\/2012\/03\/27\/17-kilometros-por-las-dehesas-de-salvaleon-5-de-abril\/","title":{"rendered":"17 kil\u00f3metros por las dehesas de Salvale\u00f3n (5 de abril)"},"content":{"rendered":"<h1><a href=\"\/senderosextremadura\/wp-content\/uploads\/sites\/22\/2012\/03\/dehesas.jpg\"><img loading=\"lazy\" class=\"aligncenter size-large wp-image-291\" title=\"dehesas\" src=\"\/senderosextremadura\/wp-content\/uploads\/sites\/22\/2012\/03\/dehesas.jpg\" alt=\"\" width=\"645\" height=\"353\" srcset=\"https:\/\/static-blogs.hoy.es\/wp-content\/uploads\/sites\/22\/2012\/03\/dehesas.jpg 1280w, https:\/\/static-blogs.hoy.es\/wp-content\/uploads\/sites\/22\/2012\/03\/dehesas-300x164.jpg 300w, https:\/\/static-blogs.hoy.es\/wp-content\/uploads\/sites\/22\/2012\/03\/dehesas-768x420.jpg 768w, https:\/\/static-blogs.hoy.es\/wp-content\/uploads\/sites\/22\/2012\/03\/dehesas-600x328.jpg 600w\" sizes=\"(max-width: 645px) 100vw, 645px\" \/><\/a><\/h1>\n<h1><\/h1>\n<h2>El senderista no descansa en Semana Santa. El 5 deabril, Jueves Santo, la Asociaci\u00f3n de Senderismo de Salvale\u00f3n realizar\u00e1 una de sus rutas m\u00e1s curiosas, &#8216;Los pilares del Monte&#8217;. En el recorrido de 17 kil\u00f3metros los caminantes podr\u00e1n conocer los principales pilares de la dehesa Monteporrino. El agua era fundamental en el modelo de explotaci\u00f3n de este tesoro natural extreme\u00f1o y los pilares que visitaremos son buena prueba de ello.<\/h2>\n<h2>Salida: 9:00 horas, en la Plaza de Espa\u00f1a de Salvale\u00f3n.<\/h2>\n<h2>Recorrido: 17 Km<\/h2>\n<h2>Llegada: 13:30 aprox.<\/h2>\n<h2>Dificultad: Medio-baja (salvo la llegada a la dehesa Monteporrino, el resto de la ruta transcurre por terreno llano con dificultad baja). No se requiere inscripci\u00f3n.<\/h2>\n<!-- AddThis Advanced Settings generic via filter on the_content --><!-- AddThis Share Buttons generic via filter on the_content -->","protected":false},"excerpt":{"rendered":"<p>El senderista no descansa en Semana Santa. El 5 deabril, Jueves Santo, la Asociaci\u00f3n de Senderismo de Salvale\u00f3n realizar\u00e1 una de sus rutas m\u00e1s curiosas, &#8216;Los pilares del Monte&#8217;. En el recorrido de 17 kil\u00f3metros los caminantes podr\u00e1n conocer los principales pilares de la dehesa Monteporrino. El agua era fundamental en el modelo de explotaci\u00f3n [&hellip;]<!-- AddThis Advanced Settings generic via filter on get_the_excerpt --><!-- AddThis Share Buttons generic via filter on get_the_excerpt --><\/p>\n","protected":false},"author":27,"featured_media":0,"comment_status":"open","ping_status":"closed","sticky":false,"template":"","format":"standard","meta":[],"categories":[3],"tags":[],"_links":{"self":[{"href":"https:\/\/blogs.hoy.es\/senderosextremadura\/wp-json\/wp\/v2\/posts\/290"}],"collection":[{"href":"https:\/\/blogs.hoy.es\/senderosextremadura\/wp-json\/wp\/v2\/posts"}],"about":[{"href":"https:\/\/blogs.hoy.es\/senderosextremadura\/wp-json\/wp\/v2\/types\/post"}],"author":[{"embeddable":true,"href":"https:\/\/blogs.hoy.es\/senderosextremadura\/wp-json\/wp\/v2\/users\/27"}],"replies":[{"embeddable":true,"href":"https:\/\/blogs.hoy.es\/senderosextremadura\/wp-json\/wp\/v2\/comments?post=290"}],"version-history":[{"count":0,"href":"https:\/\/blogs.hoy.es\/senderosextremadura\/wp-json\/wp\/v2\/posts\/290\/revisions"}],"wp:attachment":[{"href":"https:\/\/blogs.hoy.es\/senderosextremadura\/wp-json\/wp\/v2\/media?parent=290"}],"wp:term":[{"taxonomy":"category","embeddable":true,"href":"https:\/\/blogs.hoy.es\/senderosextremadura\/wp-json\/wp\/v2\/categories?post=290"},{"taxonomy":"post_tag","embeddable":true,"href":"https:\/\/blogs.hoy.es\/senderosextremadura\/wp-json\/wp\/v2\/tags?post=290"}],"curies":[{"name":"wp","href":"https:\/\/api.w.org\/{rel}","templated":true}]}}