{"id":2901,"date":"2014-11-05T16:49:19","date_gmt":"2014-11-05T16:49:19","guid":{"rendered":"http:\/\/blogs.hoy.es\/senderosextremadura\/?p=2901"},"modified":"2014-11-05T16:49:19","modified_gmt":"2014-11-05T16:49:19","slug":"el-castanar-de-hervas-9-de-noviembre","status":"publish","type":"post","link":"https:\/\/blogs.hoy.es\/senderosextremadura\/2014\/11\/05\/el-castanar-de-hervas-9-de-noviembre\/","title":{"rendered":"Por los casta\u00f1ares de Herv\u00e1s (9 de noviembre)"},"content":{"rendered":"<p><a href=\"https:\/\/blogs.hoy.es\/senderosextremadura\/\"><img loading=\"lazy\" class=\"alignleft  wp-image-2903\" title=\"\" src=\"\/senderosextremadura\/wp-content\/uploads\/sites\/22\/2014\/11\/casta.jpg\" alt=\"\" width=\"305\" height=\"406\" srcset=\"https:\/\/static-blogs.hoy.es\/wp-content\/uploads\/sites\/22\/2014\/11\/casta.jpg 600w, https:\/\/static-blogs.hoy.es\/wp-content\/uploads\/sites\/22\/2014\/11\/casta-225x300.jpg 225w\" sizes=\"(max-width: 305px) 100vw, 305px\" \/><\/a>El <strong>Club GR 100<\/strong> ha organizado una ruta senderista aprovechando el <strong>oto\u00f1o m\u00e1gico del Ambroz<\/strong>. La ruta, que tendr\u00e1 lugar este pr\u00f3ximo 9 de noviembre, discurre por el &#8216;<strong>Casta\u00f1ar de Herv\u00e1s&#8217;<\/strong>, para adentrarse despu\u00e9s en el conocido como &#8216;Casta\u00f1ar del Duque&#8217;. El trayecto recorre <strong>bosques de casta\u00f1os<\/strong> hasta &#8216;La Garganta de Andr\u00e9s&#8217;.<\/p>\n<p><!--more--><\/p>\n<p>Los caminantes que participen podr\u00e1n salir en autob\u00fas desde C\u00e1ceres y Badajoz. M\u00e1s informaci\u00f3n sobre la forma de <a href=\"http:\/\/www.reunalia.com\/9578877\" target=\"_blank\" rel=\"external nofollow\"><strong>inscripci\u00f3n en el siguiente enlace<\/strong><\/a> o a trav\u00e9s de actividades@clubgr100.com y en el tel\u00e9fono 654551304.<\/p>\n<!-- AddThis Advanced Settings generic via filter on the_content --><!-- AddThis Share Buttons generic via filter on the_content -->","protected":false},"excerpt":{"rendered":"<p>El Club GR 100 ha organizado una ruta senderista aprovechando el oto\u00f1o m\u00e1gico del Ambroz. La ruta, que tendr\u00e1 lugar este pr\u00f3ximo 9 de noviembre, discurre por el &#8216;Casta\u00f1ar de Herv\u00e1s&#8217;, para adentrarse despu\u00e9s en el conocido como &#8216;Casta\u00f1ar del Duque&#8217;. El trayecto recorre bosques de casta\u00f1os hasta &#8216;La Garganta de Andr\u00e9s&#8217;.<!-- AddThis Advanced Settings generic via filter on get_the_excerpt --><!-- AddThis Share Buttons generic via filter on get_the_excerpt --><\/p>\n","protected":false},"author":27,"featured_media":0,"comment_status":"open","ping_status":"closed","sticky":false,"template":"","format":"standard","meta":[],"categories":[4],"tags":[177,821,842,912],"_links":{"self":[{"href":"https:\/\/blogs.hoy.es\/senderosextremadura\/wp-json\/wp\/v2\/posts\/2901"}],"collection":[{"href":"https:\/\/blogs.hoy.es\/senderosextremadura\/wp-json\/wp\/v2\/posts"}],"about":[{"href":"https:\/\/blogs.hoy.es\/senderosextremadura\/wp-json\/wp\/v2\/types\/post"}],"author":[{"embeddable":true,"href":"https:\/\/blogs.hoy.es\/senderosextremadura\/wp-json\/wp\/v2\/users\/27"}],"replies":[{"embeddable":true,"href":"https:\/\/blogs.hoy.es\/senderosextremadura\/wp-json\/wp\/v2\/comments?post=2901"}],"version-history":[{"count":0,"href":"https:\/\/blogs.hoy.es\/senderosextremadura\/wp-json\/wp\/v2\/posts\/2901\/revisions"}],"wp:attachment":[{"href":"https:\/\/blogs.hoy.es\/senderosextremadura\/wp-json\/wp\/v2\/media?parent=2901"}],"wp:term":[{"taxonomy":"category","embeddable":true,"href":"https:\/\/blogs.hoy.es\/senderosextremadura\/wp-json\/wp\/v2\/categories?post=2901"},{"taxonomy":"post_tag","embeddable":true,"href":"https:\/\/blogs.hoy.es\/senderosextremadura\/wp-json\/wp\/v2\/tags?post=2901"}],"curies":[{"name":"wp","href":"https:\/\/api.w.org\/{rel}","templated":true}]}}