{"id":2916,"date":"2014-11-12T10:00:49","date_gmt":"2014-11-12T10:00:49","guid":{"rendered":"http:\/\/blogs.hoy.es\/senderosextremadura\/?p=2916"},"modified":"2014-11-12T10:00:49","modified_gmt":"2014-11-12T10:00:49","slug":"por-los-cantos-del-plantonal-16-de-noviembre","status":"publish","type":"post","link":"https:\/\/blogs.hoy.es\/senderosextremadura\/2014\/11\/12\/por-los-cantos-del-plantonal-16-de-noviembre\/","title":{"rendered":"Por los Cantos del Plantonal (16 de noviembre)"},"content":{"rendered":"<p>Este domingo<strong> 16 de noviembre<\/strong> los senderistas de Salvale\u00f3n han organizado la <strong>Ruta por los Cantos del Plantonal<\/strong>. Se trata de una marcha de <strong>18 kil\u00f3metros<\/strong> por parajes que rodean esta\u00a0 localidad pacense de hermosos encinares. La salida tendr\u00e1 lugar a las nueve de la ma\u00f1ana desde la Plaza de Espa\u00f1a. A la llegada los caminantes podr\u00e1n degustar paella y panceta. Si te vas a quedar a comer entra en el blog del club y sigue las indicaciones.<\/p>\n<p>M\u00e1s informaci\u00f3n en el <a href=\"http:\/\/senderismosalvaleon.blogspot.com.es\/\" target=\"_blank\" rel=\"external nofollow\"><strong>blog del club.<\/strong><\/a><\/p>\n<!-- AddThis Advanced Settings generic via filter on the_content --><!-- AddThis Share Buttons generic via filter on the_content -->","protected":false},"excerpt":{"rendered":"<p>Este domingo 16 de noviembre los senderistas de Salvale\u00f3n han organizado la Ruta por los Cantos del Plantonal. Se trata de una marcha de 18 kil\u00f3metros por parajes que rodean esta\u00a0 localidad pacense de hermosos encinares. La salida tendr\u00e1 lugar a las nueve de la ma\u00f1ana desde la Plaza de Espa\u00f1a. A la llegada los [&hellip;]<!-- AddThis Advanced Settings generic via filter on get_the_excerpt --><!-- AddThis Share Buttons generic via filter on get_the_excerpt --><\/p>\n","protected":false},"author":27,"featured_media":0,"comment_status":"open","ping_status":"closed","sticky":false,"template":"","format":"standard","meta":[],"categories":[4],"tags":[817,884,906,937],"_links":{"self":[{"href":"https:\/\/blogs.hoy.es\/senderosextremadura\/wp-json\/wp\/v2\/posts\/2916"}],"collection":[{"href":"https:\/\/blogs.hoy.es\/senderosextremadura\/wp-json\/wp\/v2\/posts"}],"about":[{"href":"https:\/\/blogs.hoy.es\/senderosextremadura\/wp-json\/wp\/v2\/types\/post"}],"author":[{"embeddable":true,"href":"https:\/\/blogs.hoy.es\/senderosextremadura\/wp-json\/wp\/v2\/users\/27"}],"replies":[{"embeddable":true,"href":"https:\/\/blogs.hoy.es\/senderosextremadura\/wp-json\/wp\/v2\/comments?post=2916"}],"version-history":[{"count":0,"href":"https:\/\/blogs.hoy.es\/senderosextremadura\/wp-json\/wp\/v2\/posts\/2916\/revisions"}],"wp:attachment":[{"href":"https:\/\/blogs.hoy.es\/senderosextremadura\/wp-json\/wp\/v2\/media?parent=2916"}],"wp:term":[{"taxonomy":"category","embeddable":true,"href":"https:\/\/blogs.hoy.es\/senderosextremadura\/wp-json\/wp\/v2\/categories?post=2916"},{"taxonomy":"post_tag","embeddable":true,"href":"https:\/\/blogs.hoy.es\/senderosextremadura\/wp-json\/wp\/v2\/tags?post=2916"}],"curies":[{"name":"wp","href":"https:\/\/api.w.org\/{rel}","templated":true}]}}