{"id":2920,"date":"2014-11-13T10:25:53","date_gmt":"2014-11-13T10:25:53","guid":{"rendered":"http:\/\/blogs.hoy.es\/senderosextremadura\/?p=2920"},"modified":"2014-11-13T10:25:53","modified_gmt":"2014-11-13T10:25:53","slug":"xvi-marcha-senderista-por-el-parque-natural-de-cornalvo-30-de-noviembre","status":"publish","type":"post","link":"https:\/\/blogs.hoy.es\/senderosextremadura\/2014\/11\/13\/xvi-marcha-senderista-por-el-parque-natural-de-cornalvo-30-de-noviembre\/","title":{"rendered":"XVI Marcha Senderista por el Parque Natural de Cornalvo (30 de noviembre)"},"content":{"rendered":"<p><a href=\"https:\/\/blogs.hoy.es\/senderosextremadura\/\"><img loading=\"lazy\" class=\"aligncenter  wp-image-2921\" title=\"\" src=\"\/senderosextremadura\/wp-content\/uploads\/sites\/22\/2014\/11\/ruta-cornalvo-grande.jpg\" alt=\"\" width=\"365\" height=\"287\" srcset=\"https:\/\/static-blogs.hoy.es\/wp-content\/uploads\/sites\/22\/2014\/11\/ruta-cornalvo-grande.jpg 1000w, https:\/\/static-blogs.hoy.es\/wp-content\/uploads\/sites\/22\/2014\/11\/ruta-cornalvo-grande-300x237.jpg 300w, https:\/\/static-blogs.hoy.es\/wp-content\/uploads\/sites\/22\/2014\/11\/ruta-cornalvo-grande-768x606.jpg 768w, https:\/\/static-blogs.hoy.es\/wp-content\/uploads\/sites\/22\/2014\/11\/ruta-cornalvo-grande-600x473.jpg 600w\" sizes=\"(max-width: 365px) 100vw, 365px\" \/><\/a><\/p>\n<p>El club senderista emeritense <a href=\"http:\/\/www.caminoplata.com\/\" target=\"_blank\" rel=\"external nofollow\"><strong>Camino de la Plata<\/strong><\/a> ha organizado la <strong>XVI Marcha Senderista por el Parque Natural de Cornalvo<\/strong>, que tendr\u00e1 lugar el 30 de noviembre. Seg\u00fan informan los organizadores, ya hay inscritos unos 50 participantes para esta marcha forma parte del circuito <strong>Camina Extremadura 2014<\/strong>.<\/p>\n<p><!--more--><\/p>\n<p>El plazo para apuntarse a esta marcha es del 10 al 27 de noviembre; las inscripciones se realizar\u00e1n exclusivamente a trav\u00e9s del formulario de inscripci\u00f3n de la p\u00e1gina <a href=\"http:\/\/www.caminoplata.com\/node\/128\" rel=\"external nofollow\">www.caminoplata.com<\/a>, y el n\u00famero m\u00e1ximo de participantes ser\u00e1n de 450 plazas permitidas por el parque, que se realizar\u00e1n por riguroso orden de fecha de ingreso en el Caja Rural de Extremadura 3009-0010-5520549194.<\/p>\n<p>M\u00e1s informaci\u00f3n en:<\/p>\n<p><strong>Club Camino de la Plata <\/strong><\/p>\n<p><strong>C\/ Anas, s\/n &#8211; 06800 M\u00e9rida (Badajoz)<\/strong><\/p>\n<p><a href=\"mailto:marchacornalvo@gmail.com\">marchacornalvo@gmail.com<\/a><\/p>\n<p><strong>Tfno.: <\/strong><strong>924 31 14 16 <\/strong><\/p>\n<p><strong>M\u00f3vil: 690 72 15 46<\/strong><\/p>\n<p><strong>Apertura del club: <\/strong>jueves y viernes de 19 a 21 horas<\/p>\n<p>&nbsp;<\/p>\n<!-- AddThis Advanced Settings generic via filter on the_content --><!-- AddThis Share Buttons generic via filter on the_content -->","protected":false},"excerpt":{"rendered":"<p>El club senderista emeritense Camino de la Plata ha organizado la XVI Marcha Senderista por el Parque Natural de Cornalvo, que tendr\u00e1 lugar el 30 de noviembre. Seg\u00fan informan los organizadores, ya hay inscritos unos 50 participantes para esta marcha forma parte del circuito Camina Extremadura 2014.<!-- AddThis Advanced Settings generic via filter on get_the_excerpt --><!-- AddThis Share Buttons generic via filter on get_the_excerpt --><\/p>\n","protected":false},"author":27,"featured_media":0,"comment_status":"open","ping_status":"closed","sticky":false,"template":"","format":"standard","meta":[],"categories":[4],"tags":[86,792,826,917,925,1035],"_links":{"self":[{"href":"https:\/\/blogs.hoy.es\/senderosextremadura\/wp-json\/wp\/v2\/posts\/2920"}],"collection":[{"href":"https:\/\/blogs.hoy.es\/senderosextremadura\/wp-json\/wp\/v2\/posts"}],"about":[{"href":"https:\/\/blogs.hoy.es\/senderosextremadura\/wp-json\/wp\/v2\/types\/post"}],"author":[{"embeddable":true,"href":"https:\/\/blogs.hoy.es\/senderosextremadura\/wp-json\/wp\/v2\/users\/27"}],"replies":[{"embeddable":true,"href":"https:\/\/blogs.hoy.es\/senderosextremadura\/wp-json\/wp\/v2\/comments?post=2920"}],"version-history":[{"count":0,"href":"https:\/\/blogs.hoy.es\/senderosextremadura\/wp-json\/wp\/v2\/posts\/2920\/revisions"}],"wp:attachment":[{"href":"https:\/\/blogs.hoy.es\/senderosextremadura\/wp-json\/wp\/v2\/media?parent=2920"}],"wp:term":[{"taxonomy":"category","embeddable":true,"href":"https:\/\/blogs.hoy.es\/senderosextremadura\/wp-json\/wp\/v2\/categories?post=2920"},{"taxonomy":"post_tag","embeddable":true,"href":"https:\/\/blogs.hoy.es\/senderosextremadura\/wp-json\/wp\/v2\/tags?post=2920"}],"curies":[{"name":"wp","href":"https:\/\/api.w.org\/{rel}","templated":true}]}}