{"id":2923,"date":"2014-11-13T21:00:30","date_gmt":"2014-11-13T21:00:30","guid":{"rendered":"http:\/\/blogs.hoy.es\/senderosextremadura\/?p=2923"},"modified":"2014-11-13T21:00:30","modified_gmt":"2014-11-13T21:00:30","slug":"varias-rutas-festejan-la-otonada-del-jerte-este-fin-de-semana","status":"publish","type":"post","link":"https:\/\/blogs.hoy.es\/senderosextremadura\/2014\/11\/13\/varias-rutas-festejan-la-otonada-del-jerte-este-fin-de-semana\/","title":{"rendered":"Tres caminatas para festejar la Oto\u00f1ada del Jerte este fin de semana"},"content":{"rendered":"<p><a href=\"https:\/\/blogs.hoy.es\/senderosextremadura\/2014\/11\/13\/varias-rutas-festejan-la-otonada-del-jerte-este-fin-de-semana\/docu_hoy-4\/\" rel=\"attachment wp-att-2925\"><img loading=\"lazy\" class=\"aligncenter size-large wp-image-2925\" title=\"\" src=\"\/senderosextremadura\/wp-content\/uploads\/sites\/22\/2014\/11\/ambroz-palma-2.jpg\" alt=\"\" width=\"600\" height=\"398\" srcset=\"https:\/\/static-blogs.hoy.es\/wp-content\/uploads\/sites\/22\/2014\/11\/ambroz-palma-2.jpg 1354w, https:\/\/static-blogs.hoy.es\/wp-content\/uploads\/sites\/22\/2014\/11\/ambroz-palma-2-300x199.jpg 300w, https:\/\/static-blogs.hoy.es\/wp-content\/uploads\/sites\/22\/2014\/11\/ambroz-palma-2-768x510.jpg 768w, https:\/\/static-blogs.hoy.es\/wp-content\/uploads\/sites\/22\/2014\/11\/ambroz-palma-2-600x399.jpg 600w\" sizes=\"(max-width: 600px) 100vw, 600px\" \/><\/a><\/p>\n<p>La <a href=\"http:\/\/www.hoy.es\/planes\/201410\/28\/otonos-extremadura-20141028122517.html\" target=\"_blank\" rel=\"external nofollow\"><strong>Oto\u00f1ada del Valle del Jerte<\/strong><\/a> llega a su esplendor senderista este fin de semana. El s\u00e1bado 15 y el domingo 16 de noviembre tendr\u00e1n lugar varias marchas en distintos puntos de la comarca. Una ocasi\u00f3n perfecta adem\u00e1s para celebrar el XX aniversario de la declaraci\u00f3n como reserva natural de la <strong>Garganta de los Infiernos<\/strong>, ya que una de las propuestas recorre sus espectaculares senderos. Pero como el caminante no solo disfruta con sus paseos por la naturaleza, tambi\u00e9n es una oportunidad \u00fanica para disfrutar del folclore y la gastronom\u00eda de la mano de la la <strong>III To\u00f1\u00e1 Piornalega<\/strong>.<\/p>\n<p><!--more--><\/p>\n<p><strong>RUTA POR LA GARGANTA DE LOS INFIERNOS (15 de noviembre)<\/strong><br \/>\nSe trata de una marcha guiada por los vigilantes de la Reserva y enmarcada en la III Semana de la Reserva en el a\u00f1o en que se cumple su XX aniversario. Los participantes saldr\u00e1n a las 9 de la ma\u00f1ana desde el Centro de Interpretaci\u00f3n de Jerte. El recorrido es circular, de 16 km, y unas 6 horas aproximadamente de duraci\u00f3n. La dificultad es media-alta.<\/p>\n<p><strong>RUTA\u00a0 A LA CUEVA DE SANTIAGO LE\u00d3N (16 de noviembre)<\/strong><br \/>\nLos caminantes saldr\u00e1n desde la plaza de la iglesia de Tornavacas a las 9 de la ma\u00f1ana.<br \/>\nTiempo estimado: 5\/6 h.<br \/>\nDificultad: media-baja.<br \/>\nInscripci\u00f3n: 635077183 \u00f3 en el mail senderismotornavacas@gmail.com<br \/>\nOrganiza: Grupo de Monta\u00f1a y Senderismo de Tornavacas.<br \/>\nCharla sobre Santiago S\u00e1nchez de Le\u00f3n en la cueva, ofrecida por Juan Pedro Cuesta Recio, historiador y cronista oficial de Tornavacas.<\/p>\n<p><strong>MARCHA PIORNAL-LOS LLANOS-CASCADA &#8220;EL CALDER\u00d3N&#8221; (16 de noviembre)<\/strong><br \/>\nEsta ruta ruta tambi\u00e9n comienza a las 9 de la ma\u00f1ana, desde plaza de las Eras de Piornal. La dificultad es media.<br \/>\nInscripci\u00f3n: 658818119 \u00f3 626349708. (\u00c1ngel).<br \/>\nOrganiza: grupo senderistmo de Piornal.<br \/>\nAl finalizar la caminata habr\u00e1 chocolate con churros para todos los asistentes.<\/p>\n<p>&nbsp;<\/p>\n<p>M\u00e1s informaci\u00f3n en el <a href=\"http:\/\/soprodevaje.blogspot.com.es\/2014\/11\/eventos-de-la-otonada2014-14-15-y-16-de.html\" rel=\"external nofollow\"><strong>blog oficial de SOPRODEVAJE.<\/strong><\/a><\/p>\n<!-- AddThis Advanced Settings generic via filter on the_content --><!-- AddThis Share Buttons generic via filter on the_content -->","protected":false},"excerpt":{"rendered":"<p>La Oto\u00f1ada del Valle del Jerte llega a su esplendor senderista este fin de semana. El s\u00e1bado 15 y el domingo 16 de noviembre tendr\u00e1n lugar varias marchas en distintos puntos de la comarca. Una ocasi\u00f3n perfecta adem\u00e1s para celebrar el XX aniversario de la declaraci\u00f3n como reserva natural de la Garganta de los Infiernos, [&hellip;]<!-- AddThis Advanced Settings generic via filter on get_the_excerpt --><!-- AddThis Share Buttons generic via filter on get_the_excerpt --><\/p>\n","protected":false},"author":27,"featured_media":0,"comment_status":"open","ping_status":"closed","sticky":false,"template":"","format":"standard","meta":[],"categories":[4],"tags":[],"_links":{"self":[{"href":"https:\/\/blogs.hoy.es\/senderosextremadura\/wp-json\/wp\/v2\/posts\/2923"}],"collection":[{"href":"https:\/\/blogs.hoy.es\/senderosextremadura\/wp-json\/wp\/v2\/posts"}],"about":[{"href":"https:\/\/blogs.hoy.es\/senderosextremadura\/wp-json\/wp\/v2\/types\/post"}],"author":[{"embeddable":true,"href":"https:\/\/blogs.hoy.es\/senderosextremadura\/wp-json\/wp\/v2\/users\/27"}],"replies":[{"embeddable":true,"href":"https:\/\/blogs.hoy.es\/senderosextremadura\/wp-json\/wp\/v2\/comments?post=2923"}],"version-history":[{"count":0,"href":"https:\/\/blogs.hoy.es\/senderosextremadura\/wp-json\/wp\/v2\/posts\/2923\/revisions"}],"wp:attachment":[{"href":"https:\/\/blogs.hoy.es\/senderosextremadura\/wp-json\/wp\/v2\/media?parent=2923"}],"wp:term":[{"taxonomy":"category","embeddable":true,"href":"https:\/\/blogs.hoy.es\/senderosextremadura\/wp-json\/wp\/v2\/categories?post=2923"},{"taxonomy":"post_tag","embeddable":true,"href":"https:\/\/blogs.hoy.es\/senderosextremadura\/wp-json\/wp\/v2\/tags?post=2923"}],"curies":[{"name":"wp","href":"https:\/\/api.w.org\/{rel}","templated":true}]}}