{"id":2926,"date":"2014-11-17T20:53:09","date_gmt":"2014-11-17T20:53:09","guid":{"rendered":"http:\/\/blogs.hoy.es\/senderosextremadura\/?p=2926"},"modified":"2014-11-17T20:53:09","modified_gmt":"2014-11-17T20:53:09","slug":"el-otono-impregna-las-villuercas-entre-cabanas-del-castillo-y-navezuelas","status":"publish","type":"post","link":"https:\/\/blogs.hoy.es\/senderosextremadura\/2014\/11\/17\/el-otono-impregna-las-villuercas-entre-cabanas-del-castillo-y-navezuelas\/","title":{"rendered":"El oto\u00f1o impregna las Villuercas entre Caba\u00f1as del Castillo y Navezuelas"},"content":{"rendered":"<p><a href=\"https:\/\/blogs.hoy.es\/senderosextremadura\/2014\/11\/17\/el-otono-impregna-las-villuercas-entre-cabanas-del-castillo-y-navezuelas\/olympus-digital-camera-26\/\" rel=\"attachment wp-att-2927\"><img loading=\"lazy\" class=\"aligncenter size-large wp-image-2927\" title=\"\" src=\"\/senderosextremadura\/wp-content\/uploads\/sites\/22\/2014\/11\/103127-burguillos-del-cerro-el-arbol-del-madrono.jpg\" alt=\"\" width=\"600\" height=\"450\" srcset=\"https:\/\/static-blogs.hoy.es\/wp-content\/uploads\/sites\/22\/2014\/11\/103127-burguillos-del-cerro-el-arbol-del-madrono.jpg 640w, https:\/\/static-blogs.hoy.es\/wp-content\/uploads\/sites\/22\/2014\/11\/103127-burguillos-del-cerro-el-arbol-del-madrono-300x225.jpg 300w, https:\/\/static-blogs.hoy.es\/wp-content\/uploads\/sites\/22\/2014\/11\/103127-burguillos-del-cerro-el-arbol-del-madrono-600x450.jpg 600w\" sizes=\"(max-width: 600px) 100vw, 600px\" \/><\/a><\/p>\n<p>El pr\u00f3ximo domingo 23 de noviembre tendr\u00e1 lugar una ruta por la <strong>Oto\u00f1ada de Las Villuercas<\/strong>. Sin duda es esta una de las mejores \u00e9pocas para disfrutar de la comarca, impregnada en oto\u00f1o de ocres entretejidos en los montes del Geoparque. Los caminantes partir\u00e1n desde la peque\u00f1a, rocoa y bella localidad de <strong>Caba\u00f1as del Castillo<\/strong> para llegar hasta <strong>Navezuelas<\/strong>, en un recorrido de unos 14 kil\u00f3metros en el que se divisan impresionantes cerros cuarciticos, bosques y dehesas.<\/p>\n<p>Los interesados en participar pueden contactar con Zona Viajes. La inscripci\u00f3n online puede <a href=\"http:\/\/www.reunalia.com\/v03\/inscripciones\/inscripcion_paso2.aspx?Evento=BD68BE5F3D58C677&#038;Plaza=6786&#038;PlazaTarifa=65901&#038;if&#038;c\" target=\"_blank\" rel=\"external nofollow\"><strong>hacerse a trav\u00e9s de este link<\/strong><\/a> antes del d\u00eda 21 y el precio es de 20 euros. La dificultad es media-baja. El autob\u00fas saldr\u00e1 de Badajoz a las ocho de la ma\u00f1ana y las ocho y media desde M\u00e9rida.<\/p>\n<p><!--more--><\/p>\n<p>&nbsp;<\/p>\n<p>M\u00e1s informaci\u00f3n:<\/p>\n<div id=\"id_546a5712da0079c41102818\"><a href=\"http:\/\/ZONAVIAJE.COM\/\" rel=\"nofollow external\" target=\"_blank\">ZONAVIAJE.COM<\/a><br \/>\nCIEx: 06-210m<br \/>\nC\/ Menacho, 44<br \/>\n06001 Badajoz<br \/>\nEspa\u00f1a<br \/>\nTlf: +34 924 262 762<br \/>\nE-mail: info@zonaviaje.com<br \/>\n<a href=\"http:\/\/www.zonaviaje.com\/\" rel=\"nofollow external\" target=\"_blank\">http:\/\/www.zonaviaje.com\/<\/a><\/div>\n<!-- AddThis Advanced Settings generic via filter on the_content --><!-- AddThis Share Buttons generic via filter on the_content -->","protected":false},"excerpt":{"rendered":"<p>El pr\u00f3ximo domingo 23 de noviembre tendr\u00e1 lugar una ruta por la Oto\u00f1ada de Las Villuercas. Sin duda es esta una de las mejores \u00e9pocas para disfrutar de la comarca, impregnada en oto\u00f1o de ocres entretejidos en los montes del Geoparque. Los caminantes partir\u00e1n desde la peque\u00f1a, rocoa y bella localidad de Caba\u00f1as del Castillo [&hellip;]<!-- AddThis Advanced Settings generic via filter on get_the_excerpt --><!-- AddThis Share Buttons generic via filter on get_the_excerpt --><\/p>\n","protected":false},"author":27,"featured_media":0,"comment_status":"open","ping_status":"closed","sticky":false,"template":"","format":"standard","meta":[],"categories":[4],"tags":[],"_links":{"self":[{"href":"https:\/\/blogs.hoy.es\/senderosextremadura\/wp-json\/wp\/v2\/posts\/2926"}],"collection":[{"href":"https:\/\/blogs.hoy.es\/senderosextremadura\/wp-json\/wp\/v2\/posts"}],"about":[{"href":"https:\/\/blogs.hoy.es\/senderosextremadura\/wp-json\/wp\/v2\/types\/post"}],"author":[{"embeddable":true,"href":"https:\/\/blogs.hoy.es\/senderosextremadura\/wp-json\/wp\/v2\/users\/27"}],"replies":[{"embeddable":true,"href":"https:\/\/blogs.hoy.es\/senderosextremadura\/wp-json\/wp\/v2\/comments?post=2926"}],"version-history":[{"count":0,"href":"https:\/\/blogs.hoy.es\/senderosextremadura\/wp-json\/wp\/v2\/posts\/2926\/revisions"}],"wp:attachment":[{"href":"https:\/\/blogs.hoy.es\/senderosextremadura\/wp-json\/wp\/v2\/media?parent=2926"}],"wp:term":[{"taxonomy":"category","embeddable":true,"href":"https:\/\/blogs.hoy.es\/senderosextremadura\/wp-json\/wp\/v2\/categories?post=2926"},{"taxonomy":"post_tag","embeddable":true,"href":"https:\/\/blogs.hoy.es\/senderosextremadura\/wp-json\/wp\/v2\/tags?post=2926"}],"curies":[{"name":"wp","href":"https:\/\/api.w.org\/{rel}","templated":true}]}}