{"id":2929,"date":"2014-11-17T21:06:56","date_gmt":"2014-11-17T21:06:56","guid":{"rendered":"http:\/\/blogs.hoy.es\/senderosextremadura\/?p=2929"},"modified":"2014-11-17T21:06:56","modified_gmt":"2014-11-17T21:06:56","slug":"paseo-micologico-por-el-puerto-de-los-castanos-22-de-noviembre","status":"publish","type":"post","link":"https:\/\/blogs.hoy.es\/senderosextremadura\/2014\/11\/17\/paseo-micologico-por-el-puerto-de-los-castanos-22-de-noviembre\/","title":{"rendered":"Paseo micol\u00f3gico por el Puerto de los Casta\u00f1os (22 de noviembre)"},"content":{"rendered":"<p><a href=\"https:\/\/blogs.hoy.es\/senderosextremadura\/\"><img loading=\"lazy\" class=\"aligncenter size-full wp-image-2931\" title=\"\" src=\"\/senderosextremadura\/wp-content\/uploads\/sites\/22\/2014\/11\/setas.jpg\" alt=\"\" width=\"276\" height=\"183\" \/><\/a><\/p>\n<p><span style=\"color: #000000;\"><span style=\"font-family: Arial,sans-serif;\"><span style=\"font-size: small;\"><strong>Coria<\/strong> celebra el pr\u00f3ximo fin de semana la s\u00e9ptima edici\u00f3n de las <strong>Jornadas Micol\u00f3gicas<\/strong>. El programa, que arranca el viernes, incluye un <strong>paseo micol\u00f3gico por el Puerto de los Casta\u00f1os<\/strong><\/span><\/span><\/span><span style=\"color: #000000;\"><span style=\"font-family: Arial,sans-serif;\"><span style=\"font-size: small;\">, para todos aquellos interesados en la recolecci\u00f3n de setas. La marcha tendr\u00e1 lugar el s\u00e1bado d\u00eda 22. <\/span><\/span><\/span><span style=\"color: #000000;\"><span style=\"font-family: Arial,sans-serif;\"><span style=\"font-size: small;\">Los caminantes saldr\u00e1n a las nueve de la ma\u00f1ana desde la Plaza de San Pedro<\/span><\/span><\/span><span style=\"color: #000000;\"><span style=\"font-family: Arial,sans-serif;\"><span style=\"font-size: small;\">, desde donde partiran, con veh\u00edculos particulares, a la zona del Puerto de Los Casta\u00f1os acompa\u00f1ados por el gu\u00eda C\u00e9sar Mart\u00edn Alcoba. Tras la recolecci\u00f3n se har\u00e1 una\u00a0<\/span><\/span><\/span><span style=\"color: #000000;\"><span style=\"font-family: Arial,sans-serif;\"><span style=\"font-size: small;\"><strong>clasificaci\u00f3n y exposici\u00f3n taxon\u00f3mica<\/strong><\/span><\/span><\/span><span style=\"color: #000000;\"><span style=\"font-family: Arial,sans-serif;\"><span style=\"font-size: small;\">\u00a0en los soportales del Ayuntamiento nuevo, a partir de la una del mediod\u00eda.<br \/>\n<\/span><\/span><\/span><\/p>\n<p><span style=\"color: #000000;\"><span style=\"font-family: Arial,sans-serif;\"><span style=\"font-size: small;\">M\u00e1s informaci\u00f3n en:<\/span><\/span><\/span><\/p>\n<p><span style=\"color: #000000;\"><span style=\"font-family: Arial,sans-serif;\"><span style=\"font-size: small;\"><strong><span style=\"color: #1b156b; font-family: Albertus Medium; font-size: xx-small;\"><a href=\"mailto:deportescoria@coria.org?subject=\" target=\"_blank\">deportescoria@coria.org<\/a><\/span><\/strong><br \/>\n<strong> <span style=\"color: #1b156b; font-family: Albertus Medium; font-size: xx-small;\">Tel. 927 508033<\/span><\/strong><br \/>\n<strong> <span style=\"color: #1b156b; font-family: Albertus Medium; font-size: xx-small;\">Fax 927 508001<\/span> <span style=\"color: #1b156b; font-family: Albertus Medium; font-size: xx-small;\">Pl. San Pedro, 1<\/span><\/strong><\/p>\n<p><\/span><\/span><\/span><\/p>\n<!-- AddThis Advanced Settings generic via filter on the_content --><!-- AddThis Share Buttons generic via filter on the_content -->","protected":false},"excerpt":{"rendered":"<p>Coria celebra el pr\u00f3ximo fin de semana la s\u00e9ptima edici\u00f3n de las Jornadas Micol\u00f3gicas. El programa, que arranca el viernes, incluye un paseo micol\u00f3gico por el Puerto de los Casta\u00f1os, para todos aquellos interesados en la recolecci\u00f3n de setas. La marcha tendr\u00e1 lugar el s\u00e1bado d\u00eda 22. Los caminantes saldr\u00e1n a las nueve de la [&hellip;]<!-- AddThis Advanced Settings generic via filter on get_the_excerpt --><!-- AddThis Share Buttons generic via filter on get_the_excerpt --><\/p>\n","protected":false},"author":27,"featured_media":0,"comment_status":"open","ping_status":"closed","sticky":false,"template":"","format":"standard","meta":[],"categories":[4],"tags":[239,605,821,825,836,917,1035],"_links":{"self":[{"href":"https:\/\/blogs.hoy.es\/senderosextremadura\/wp-json\/wp\/v2\/posts\/2929"}],"collection":[{"href":"https:\/\/blogs.hoy.es\/senderosextremadura\/wp-json\/wp\/v2\/posts"}],"about":[{"href":"https:\/\/blogs.hoy.es\/senderosextremadura\/wp-json\/wp\/v2\/types\/post"}],"author":[{"embeddable":true,"href":"https:\/\/blogs.hoy.es\/senderosextremadura\/wp-json\/wp\/v2\/users\/27"}],"replies":[{"embeddable":true,"href":"https:\/\/blogs.hoy.es\/senderosextremadura\/wp-json\/wp\/v2\/comments?post=2929"}],"version-history":[{"count":0,"href":"https:\/\/blogs.hoy.es\/senderosextremadura\/wp-json\/wp\/v2\/posts\/2929\/revisions"}],"wp:attachment":[{"href":"https:\/\/blogs.hoy.es\/senderosextremadura\/wp-json\/wp\/v2\/media?parent=2929"}],"wp:term":[{"taxonomy":"category","embeddable":true,"href":"https:\/\/blogs.hoy.es\/senderosextremadura\/wp-json\/wp\/v2\/categories?post=2929"},{"taxonomy":"post_tag","embeddable":true,"href":"https:\/\/blogs.hoy.es\/senderosextremadura\/wp-json\/wp\/v2\/tags?post=2929"}],"curies":[{"name":"wp","href":"https:\/\/api.w.org\/{rel}","templated":true}]}}