{"id":2932,"date":"2014-11-18T16:01:19","date_gmt":"2014-11-18T16:01:19","guid":{"rendered":"http:\/\/blogs.hoy.es\/senderosextremadura\/?p=2932"},"modified":"2014-11-18T16:01:19","modified_gmt":"2014-11-18T16:01:19","slug":"la-fiesta-de-la-trasterminancia-recorrera-la-canada-real-de-las-merinas","status":"publish","type":"post","link":"https:\/\/blogs.hoy.es\/senderosextremadura\/2014\/11\/18\/la-fiesta-de-la-trasterminancia-recorrera-la-canada-real-de-las-merinas\/","title":{"rendered":"La III Fiesta de la Trasterminancia recorrer\u00e1 la Ca\u00f1ada Real de las Merinas"},"content":{"rendered":"<p><a href=\"https:\/\/blogs.hoy.es\/senderosextremadura\/\"><img loading=\"lazy\" class=\"aligncenter  wp-image-2933\" title=\"Imagen de una pasada edici\u00f3n de la Fiesta de la Trasterminancia:: HOY\" src=\"\/senderosextremadura\/wp-content\/uploads\/sites\/22\/2014\/11\/ruta.jpg\" alt=\"\" width=\"561\" height=\"421\" srcset=\"https:\/\/static-blogs.hoy.es\/wp-content\/uploads\/sites\/22\/2014\/11\/ruta.jpg 640w, https:\/\/static-blogs.hoy.es\/wp-content\/uploads\/sites\/22\/2014\/11\/ruta-300x225.jpg 300w, https:\/\/static-blogs.hoy.es\/wp-content\/uploads\/sites\/22\/2014\/11\/ruta-600x450.jpg 600w\" sizes=\"(max-width: 561px) 100vw, 561px\" \/><\/a><\/p>\n<p><a href=\"http:\/\/www.hoy.es\/multimedia\/fotos\/regional\/20131111\/siruela-trasterminancia-3063668017478-mm.html\" target=\"_blank\" rel=\"external nofollow\"><strong>GALER\u00cdA: Im\u00e1genes de una pasada edici\u00f3n<\/strong><\/a><\/p>\n<p>La <strong>III Fiesta de la Trasterminancia<\/strong> llevar\u00e1 a cabo, este pr\u00f3ximo domingo, d\u00eda 23, una ruta por la naturaleza en la Ca\u00f1ada Real de las Merinas, perteneciente a la <strong>Real Segoviana<\/strong>, un tramo que une <strong>Tamurejo y Siruela<\/strong>.<\/p>\n<p>Los participantes recorrer\u00e1n, a pie o a caballo, 9&#8217;5 kil\u00f3metros, en los que acompa\u00f1ar\u00e1n a un reba\u00f1o de 750 ovejas <strong>merinas negras procedentes de una ganader\u00eda de Siruela<\/strong>, y &#8220;precisamente&#8221; este t\u00e9rmino municipal extreme\u00f1o cuenta con &#8220;la mayor caba\u00f1a de toda Espa\u00f1a de esta especie en peligro de extinci\u00f3n&#8221;.<\/p>\n<p><!--more--><\/p>\n<p>Esta jornada comenzar\u00e1 a las 09,30 horas en la Casa de la Cultura de Siruela con traslado en autob\u00fas hasta Tamurejo, &#8220;donde se podr\u00e1 degustar un desayuno con dulces artesanos t\u00edpicos de la localidad&#8221;, seg\u00fan ha informado la Diputaci\u00f3n de Badajoz en nota de prensa.<\/p>\n<p>Los participantes recorrer\u00e1n as\u00ed &#8220;un paisaje espectacular&#8221; y revivir\u00e1n &#8220;la tradici\u00f3n de la trasterminancia (variedad menor de la trashumancia con recorrido entre poblaciones cercanas)&#8221;.<\/p>\n<p>A la llegada a Siruela la comitiva recorrer\u00e1 las calles del pueblo hasta las traseras del Campo Municipal de Deportes, &#8220;donde los participantes inscritos disfrutar\u00e1n de una comida t\u00edpicamente pastoril: migas extreme\u00f1as y vino de la tierra&#8221;.<\/p>\n<p>El diputado delegado de Agricultura y Ganader\u00eda, Manuel Moreno, ha resaltado &#8220;el apoyo&#8221; de la instituci\u00f3n que representa &#8220;a todas las actividades que como \u00e9sta ponen en valor el patrimonio natural de la provincia&#8221;.<\/p>\n<p>Por su parte, la alcaldesa de Tamurejo, Rosa Mar\u00eda Araujo; y el de Siruela, Regino Barranquero; han invitado a todos los aficionados a la naturaleza y el senderismo a participar en esta III Fiesta de la Trasterminancia, para &#8220;mostrar su apoyo a esta tradici\u00f3n y en especial este a\u00f1o a la caba\u00f1a ganadera amenazada por la enfermedad de la lengua azul&#8221;.<\/p>\n<p>Fuente: E.P.<\/p>\n<!-- AddThis Advanced Settings generic via filter on the_content --><!-- AddThis Share Buttons generic via filter on the_content -->","protected":false},"excerpt":{"rendered":"<p>GALER\u00cdA: Im\u00e1genes de una pasada edici\u00f3n La III Fiesta de la Trasterminancia llevar\u00e1 a cabo, este pr\u00f3ximo domingo, d\u00eda 23, una ruta por la naturaleza en la Ca\u00f1ada Real de las Merinas, perteneciente a la Real Segoviana, un tramo que une Tamurejo y Siruela. Los participantes recorrer\u00e1n, a pie o a caballo, 9&#8217;5 kil\u00f3metros, en [&hellip;]<!-- AddThis Advanced Settings generic via filter on get_the_excerpt --><!-- AddThis Share Buttons generic via filter on get_the_excerpt --><\/p>\n","protected":false},"author":27,"featured_media":0,"comment_status":"open","ping_status":"closed","sticky":false,"template":"","format":"standard","meta":[],"categories":[4],"tags":[301,656,713,906,994,1009],"_links":{"self":[{"href":"https:\/\/blogs.hoy.es\/senderosextremadura\/wp-json\/wp\/v2\/posts\/2932"}],"collection":[{"href":"https:\/\/blogs.hoy.es\/senderosextremadura\/wp-json\/wp\/v2\/posts"}],"about":[{"href":"https:\/\/blogs.hoy.es\/senderosextremadura\/wp-json\/wp\/v2\/types\/post"}],"author":[{"embeddable":true,"href":"https:\/\/blogs.hoy.es\/senderosextremadura\/wp-json\/wp\/v2\/users\/27"}],"replies":[{"embeddable":true,"href":"https:\/\/blogs.hoy.es\/senderosextremadura\/wp-json\/wp\/v2\/comments?post=2932"}],"version-history":[{"count":0,"href":"https:\/\/blogs.hoy.es\/senderosextremadura\/wp-json\/wp\/v2\/posts\/2932\/revisions"}],"wp:attachment":[{"href":"https:\/\/blogs.hoy.es\/senderosextremadura\/wp-json\/wp\/v2\/media?parent=2932"}],"wp:term":[{"taxonomy":"category","embeddable":true,"href":"https:\/\/blogs.hoy.es\/senderosextremadura\/wp-json\/wp\/v2\/categories?post=2932"},{"taxonomy":"post_tag","embeddable":true,"href":"https:\/\/blogs.hoy.es\/senderosextremadura\/wp-json\/wp\/v2\/tags?post=2932"}],"curies":[{"name":"wp","href":"https:\/\/api.w.org\/{rel}","templated":true}]}}