{"id":2936,"date":"2014-11-19T08:01:58","date_gmt":"2014-11-19T08:01:58","guid":{"rendered":"http:\/\/blogs.hoy.es\/senderosextremadura\/?p=2936"},"modified":"2014-11-19T08:01:58","modified_gmt":"2014-11-19T08:01:58","slug":"los-senderistas-de-almendralejo-haran-la-ruta-castelo-da-vide-y-marvao-23-de-noviembre","status":"publish","type":"post","link":"https:\/\/blogs.hoy.es\/senderosextremadura\/2014\/11\/19\/los-senderistas-de-almendralejo-haran-la-ruta-castelo-da-vide-y-marvao-23-de-noviembre\/","title":{"rendered":"Los senderistas de Almendralejo har\u00e1n la ruta Castelo da Vide y Marv\u00e3o (23 de noviembre)"},"content":{"rendered":"<div id=\"attachment_2937\" style=\"width: 610px\" class=\"wp-caption aligncenter\"><a href=\"https:\/\/blogs.hoy.es\/senderosextremadura\/\"><img aria-describedby=\"caption-attachment-2937\" loading=\"lazy\" class=\"size-large wp-image-2937\" title=\"\" src=\"\/senderosextremadura\/wp-content\/uploads\/sites\/22\/2014\/11\/marvao.jpg\" alt=\"\" width=\"600\" height=\"406\" srcset=\"https:\/\/static-blogs.hoy.es\/wp-content\/uploads\/sites\/22\/2014\/11\/marvao.jpg 616w, https:\/\/static-blogs.hoy.es\/wp-content\/uploads\/sites\/22\/2014\/11\/marvao-300x203.jpg 300w, https:\/\/static-blogs.hoy.es\/wp-content\/uploads\/sites\/22\/2014\/11\/marvao-600x406.jpg 600w\" sizes=\"(max-width: 600px) 100vw, 600px\" \/><\/a><p id=\"caption-attachment-2937\" class=\"wp-caption-text\">Vistas desde el castillo de Marvao:: A.M.<\/p><\/div>\n<p>El <a href=\"www.grupoverde.es\" target=\"_blank\"><strong>Grupo Verde de Almendralejo<\/strong><\/a> ha programado para el pr\u00f3ximo fin de semana su segunda ruta senderista por Portugal. La marcha tendr\u00e1 lugar el domingo 23 de noviembre entre las dos localidades alentejanas de <strong>Castelo da Vide<\/strong> y <strong>Marv\u00e3o<\/strong>. Dos hermosos enclaves en los que sobresalen sus castillos.<\/p>\n<p>M\u00e1s informaci\u00f3n en <a href=\"www.grupoverde.es\" target=\"_blank\">www.grupoverde.es<\/a><\/p>\n<!-- AddThis Advanced Settings generic via filter on the_content --><!-- AddThis Share Buttons generic via filter on the_content -->","protected":false},"excerpt":{"rendered":"<p>El Grupo Verde de Almendralejo ha programado para el pr\u00f3ximo fin de semana su segunda ruta senderista por Portugal. La marcha tendr\u00e1 lugar el domingo 23 de noviembre entre las dos localidades alentejanas de Castelo da Vide y Marv\u00e3o. Dos hermosos enclaves en los que sobresalen sus castillos. M\u00e1s informaci\u00f3n en www.grupoverde.es<!-- AddThis Advanced Settings generic via filter on get_the_excerpt --><!-- AddThis Share Buttons generic via filter on get_the_excerpt --><\/p>\n","protected":false},"author":27,"featured_media":0,"comment_status":"open","ping_status":"closed","sticky":false,"template":"","format":"standard","meta":[],"categories":[4],"tags":[179,483,792,864,906,1035],"_links":{"self":[{"href":"https:\/\/blogs.hoy.es\/senderosextremadura\/wp-json\/wp\/v2\/posts\/2936"}],"collection":[{"href":"https:\/\/blogs.hoy.es\/senderosextremadura\/wp-json\/wp\/v2\/posts"}],"about":[{"href":"https:\/\/blogs.hoy.es\/senderosextremadura\/wp-json\/wp\/v2\/types\/post"}],"author":[{"embeddable":true,"href":"https:\/\/blogs.hoy.es\/senderosextremadura\/wp-json\/wp\/v2\/users\/27"}],"replies":[{"embeddable":true,"href":"https:\/\/blogs.hoy.es\/senderosextremadura\/wp-json\/wp\/v2\/comments?post=2936"}],"version-history":[{"count":0,"href":"https:\/\/blogs.hoy.es\/senderosextremadura\/wp-json\/wp\/v2\/posts\/2936\/revisions"}],"wp:attachment":[{"href":"https:\/\/blogs.hoy.es\/senderosextremadura\/wp-json\/wp\/v2\/media?parent=2936"}],"wp:term":[{"taxonomy":"category","embeddable":true,"href":"https:\/\/blogs.hoy.es\/senderosextremadura\/wp-json\/wp\/v2\/categories?post=2936"},{"taxonomy":"post_tag","embeddable":true,"href":"https:\/\/blogs.hoy.es\/senderosextremadura\/wp-json\/wp\/v2\/tags?post=2936"}],"curies":[{"name":"wp","href":"https:\/\/api.w.org\/{rel}","templated":true}]}}