{"id":2939,"date":"2014-11-19T12:45:34","date_gmt":"2014-11-19T12:45:34","guid":{"rendered":"http:\/\/blogs.hoy.es\/senderosextremadura\/?p=2939"},"modified":"2014-11-19T12:45:34","modified_gmt":"2014-11-19T12:45:34","slug":"prisinas-agota-en-media-hora-las-plazas-para-su-ruta-navidena","status":"publish","type":"post","link":"https:\/\/blogs.hoy.es\/senderosextremadura\/2014\/11\/19\/prisinas-agota-en-media-hora-las-plazas-para-su-ruta-navidena\/","title":{"rendered":"Prisi\u00f1as agota en media hora las plazas para su ruta navide\u00f1a"},"content":{"rendered":"<div id=\"attachment_2952\" style=\"width: 610px\" class=\"wp-caption aligncenter\"><a href=\"https:\/\/blogs.hoy.es\/senderosextremadura\/\"><img aria-describedby=\"caption-attachment-2952\" loading=\"lazy\" class=\" wp-image-2952\" title=\"\" src=\"\/senderosextremadura\/wp-content\/uploads\/sites\/22\/2014\/11\/ruta1.jpg\" alt=\"\" width=\"600\" height=\"424\" srcset=\"https:\/\/static-blogs.hoy.es\/wp-content\/uploads\/sites\/22\/2014\/11\/ruta1.jpg 1045w, https:\/\/static-blogs.hoy.es\/wp-content\/uploads\/sites\/22\/2014\/11\/ruta1-300x212.jpg 300w, https:\/\/static-blogs.hoy.es\/wp-content\/uploads\/sites\/22\/2014\/11\/ruta1-768x543.jpg 768w, https:\/\/static-blogs.hoy.es\/wp-content\/uploads\/sites\/22\/2014\/11\/ruta1-600x424.jpg 600w\" sizes=\"(max-width: 600px) 100vw, 600px\" \/><\/a><p id=\"caption-attachment-2952\" class=\"wp-caption-text\">Cartel de la ruta<\/p><\/div>\n<p>&#8220;Toda leyenda esconde algo que demuestra que pudo ser verdad&#8221; y la de <strong>Norman y los Krulls<\/strong> nos descubrir\u00e1 su final el pr\u00f3ximo 14 de diciembre. La ruta navide\u00f1a del<a href=\"www.clubsenderista.es\" target=\"_blank\"> <strong>Club Prisi\u00f1a de Olivenza<\/strong><\/a> abri\u00f3 inscripci\u00f3nes el lunes 17 a las 21.00 horas y en apenas 30 minutos complet\u00f3 sus plazas, batiendo r\u00e9cords y superando todas las expectativas de sus organizadores.<\/p>\n<p><!--more--><br \/>\nEn v\u00edsperas de la Navidad, los caminantes se dar\u00e1n cita a las ocho de la ma\u00f1ana en el Hotel Heredero de Olivenza, donde comenzar\u00e1 la recepci\u00f3n de todos los participantes, con un desayuno. Y a las 9:00 partir\u00e1 la ruta puntual, como es habitual en los prisi\u00f1as.<br \/>\nLos m\u00e1s peque\u00f1os y todos aquellos que quieran acompa\u00f1arlos podr\u00e1n hacer un recorrido de 8 kil\u00f3metros, con un punto de avituallamiento muy especial. Y los mayores tendr\u00e1n la oportunidad de disfrutar de los paisajes oliventinos durante 20 kil\u00f3metros con dos avituallamientos, el \u00faltimo de ellos coincidiendo con el de la ruta infantil. Al finalizar habr\u00e1 una comida tambi\u00e9n en el Hotel Heredero.<br \/>\nSer\u00e1 sin duda una nueva aventura que no dejar\u00e1 indiferente a nadie. Algo que lleva prepar\u00e1ndose con una enorme ilusi\u00f3n desde hace ya dos meses, cuidando hasta el m\u00e1s m\u00ednimo detalle y con un equipo humano que pone todo su esfuerzo en sorprender a propios y extra\u00f1os.<br \/>\nDebido a la enorme acogida de esta ruta, los organizadores han decidido que el domingo d\u00eda 21 de diciembre el espect\u00e1culo vuelva\u00a0 a abrir sus puertas, esta vez sin ruta, para todos aquellos que no hayan podido disfrutarlo, con un coste de 2 euros que ser\u00e1n a beneficio de la <strong>Asociaci\u00f3n de Discapacitados Aprosuba 14 de Olivenza<\/strong>. En este caso no ser\u00e1 necesaria la inscripci\u00f3n y podr\u00e1 acudir sin l\u00edmite todas aquellas personas que quieran verlo.<\/p>\n<div><\/div>\n<div>Toda la informaci\u00f3n se encuentra en su web <a href=\"http:\/\/www.clubsenderista.es\" target=\"_blank\" rel=\"external nofollow\">www.clubsenderista.es<\/a><\/div>\n<div><em>Tfno. 625335263<\/em><\/div>\n<p><iframe loading=\"lazy\" src=\"\/\/player.vimeo.com\/video\/111474252\" width=\"500\" height=\"281\" frameborder=\"0\" webkitallowfullscreen mozallowfullscreen allowfullscreen><\/iframe> <\/p>\n<p><a href=\"http:\/\/vimeo.com\/111474252\" rel=\"external nofollow\">Norman y los Krulls<\/a> from <a href=\"http:\/\/vimeo.com\/user27810251\" rel=\"external nofollow\">Prisi&ntilde;as<\/a> on <a href=\"https:\/\/vimeo.com\" rel=\"external nofollow\">Vimeo<\/a>.<\/p>\n<!-- AddThis Advanced Settings generic via filter on the_content --><!-- AddThis Share Buttons generic via filter on the_content -->","protected":false},"excerpt":{"rendered":"<p>&#8220;Toda leyenda esconde algo que demuestra que pudo ser verdad&#8221; y la de Norman y los Krulls nos descubrir\u00e1 su final el pr\u00f3ximo 14 de diciembre. La ruta navide\u00f1a del Club Prisi\u00f1a de Olivenza abri\u00f3 inscripci\u00f3nes el lunes 17 a las 21.00 horas y en apenas 30 minutos complet\u00f3 sus plazas, batiendo r\u00e9cords y superando [&hellip;]<!-- AddThis Advanced Settings generic via filter on get_the_excerpt --><!-- AddThis Share Buttons generic via filter on get_the_excerpt --><\/p>\n","protected":false},"author":27,"featured_media":0,"comment_status":"open","ping_status":"closed","sticky":false,"template":"","format":"standard","meta":[],"categories":[3],"tags":[222,758,784],"_links":{"self":[{"href":"https:\/\/blogs.hoy.es\/senderosextremadura\/wp-json\/wp\/v2\/posts\/2939"}],"collection":[{"href":"https:\/\/blogs.hoy.es\/senderosextremadura\/wp-json\/wp\/v2\/posts"}],"about":[{"href":"https:\/\/blogs.hoy.es\/senderosextremadura\/wp-json\/wp\/v2\/types\/post"}],"author":[{"embeddable":true,"href":"https:\/\/blogs.hoy.es\/senderosextremadura\/wp-json\/wp\/v2\/users\/27"}],"replies":[{"embeddable":true,"href":"https:\/\/blogs.hoy.es\/senderosextremadura\/wp-json\/wp\/v2\/comments?post=2939"}],"version-history":[{"count":0,"href":"https:\/\/blogs.hoy.es\/senderosextremadura\/wp-json\/wp\/v2\/posts\/2939\/revisions"}],"wp:attachment":[{"href":"https:\/\/blogs.hoy.es\/senderosextremadura\/wp-json\/wp\/v2\/media?parent=2939"}],"wp:term":[{"taxonomy":"category","embeddable":true,"href":"https:\/\/blogs.hoy.es\/senderosextremadura\/wp-json\/wp\/v2\/categories?post=2939"},{"taxonomy":"post_tag","embeddable":true,"href":"https:\/\/blogs.hoy.es\/senderosextremadura\/wp-json\/wp\/v2\/tags?post=2939"}],"curies":[{"name":"wp","href":"https:\/\/api.w.org\/{rel}","templated":true}]}}