{"id":294,"date":"2012-03-28T12:39:14","date_gmt":"2012-03-28T12:39:14","guid":{"rendered":"http:\/\/blogs.hoy.es\/senderosextremadura\/?p=294"},"modified":"2012-03-28T12:39:14","modified_gmt":"2012-03-28T12:39:14","slug":"senderismo-por-el-patrimonio-de-merida-y-misa-mozarabe-15-abril","status":"publish","type":"post","link":"https:\/\/blogs.hoy.es\/senderosextremadura\/2012\/03\/28\/senderismo-por-el-patrimonio-de-merida-y-misa-mozarabe-15-abril\/","title":{"rendered":"Senderismo por el patrimonio de M\u00e9rida y misa moz\u00e1rabe (15 abril)"},"content":{"rendered":"<h2><a href=\"\/senderosextremadura\/wp-content\/uploads\/sites\/22\/2012\/03\/mecenass.jpg\"><img loading=\"lazy\" class=\"size-full wp-image-296 alignright\" title=\"mecenass\" src=\"\/senderosextremadura\/wp-content\/uploads\/sites\/22\/2012\/03\/mecenass.jpg\" alt=\"\" width=\"390\" height=\"180\" srcset=\"https:\/\/static-blogs.hoy.es\/wp-content\/uploads\/sites\/22\/2012\/03\/mecenass.jpg 390w, https:\/\/static-blogs.hoy.es\/wp-content\/uploads\/sites\/22\/2012\/03\/mecenass-300x138.jpg 300w\" sizes=\"(max-width: 390px) 100vw, 390px\" \/><\/a>Al igual que el pasado a\u00f1o, y animados por la buena acogida, los <strong>Amigos del Museo Nacional de Arte Romano de M\u00e9rida<\/strong> y los socios del <strong>Programa Mecenas<\/strong> se embarcan en una nueva actividad conjunta. Combinar\u00e1n una ruta senderista con visita patrimonial y la celebraci\u00f3n de una misa \u201cmoz\u00e1rabe\u201d. Como aliciente, contar\u00e1n con la participaci\u00f3n desinteresada de Jes\u00fas S\u00e1nchez Adalid, que oficiar\u00e1 la misa, y la actuaci\u00f3n de\u00a0La Capilla Gregoriana\u00a0del Cristo del Calvario dirigida por Jos\u00e9 Miguel Gal\u00e1n, que como en anteriores ocasiones pondr\u00e1n todo su saber en esta nueva colaboraci\u00f3n, ahora con los cantos denominados \u201cmoz\u00e1rabes\u201d. Celebraci\u00f3n de la eucarist\u00eda cristiana durante el dominio isl\u00e1mico de la pen\u00ednsula, aunque en realidad el oficio es el mismo que el representado por\u00a0la Iglesia\u00a0Hispana\u00a0durante \u00e9poca visigoda. Al finalizar se ofrecer\u00e1 una visita guiada a los restos de la bas\u00edlica a cargo de Miguel Alba, director cient\u00edfico del Consorcio, y los participantes tomar\u00e1n un frugal tentempi\u00e9.<\/h2>\n<h2><strong>Programa de la actividad<\/strong>: Ruta senderista, misa \u201cmoz\u00e1rabe\u201d y visita guiada de la bas\u00edlica de\u00a0Casa Herrera\u00a0(M\u00e9rida)<\/h2>\n<h2>&#8211;\u00a0\u00a0\u00a0\u00a0\u00a0\u00a0\u00a0\u00a0\u00a0\u00a0<strong>Salida a las 9,30 del parque de San Juan<\/strong>, paralelo al r\u00edo Albarregas, para todos aquellos que quieran realizar la actividad a pi\u00e9. No es necesario por tanto, inscribirse ni reservar.<\/h2>\n<h2>&#8211;\u00a0\u00a0\u00a0\u00a0\u00a0\u00a0\u00a0\u00a0\u00a0\u00a0Todos debemos llevar una prenda blanca, t\u00fanica, camisa, camiseta\u2026 para celebrar esta \u201cDomenica in albis\u201d. Este nombre es uno de los m\u00e1s antiguos en la celebraci\u00f3n del octavo de Pascua. En realidad es \u00ab<em>in albis vestibus depositis<\/em>\u00bb, es decir, cuando los ne\u00f3fitos (los que hab\u00edan sido bautizados en\u00a0la Vigilia Pascual), asist\u00edan dicho Domingo a la celebraci\u00f3n dela Santa Misa, habiendo ya depuesto (en las v\u00edsperas del s\u00e1bado de\u00a0la Octava) sus albas o vestiduras blancas, recibidas aquella noche en que renacieron a la vida eterna y que hab\u00edan vestido durante toda\u00a0la Octava.<\/h2>\n<h2>&#8211;\u00a0\u00a0\u00a0\u00a0\u00a0\u00a0\u00a0\u00a0\u00a0\u00a0La misa\u00a0dar\u00e1 inicio a las 11h, con una duraci\u00f3n aproximada de una hora.<\/h2>\n<h2>&#8211;\u00a0\u00a0\u00a0\u00a0\u00a0\u00a0\u00a0\u00a0\u00a0\u00a0La Capilla Gregoriana\u00a0del Sant\u00edsimo Cristo del Calvario representar\u00e1 la misa \u201cmoz\u00e1rabe\u201d cantada a lo largo de la celebraci\u00f3n.<\/h2>\n<h2>&#8211;\u00a0\u00a0\u00a0\u00a0\u00a0\u00a0\u00a0\u00a0\u00a0\u00a0Tras el oficio tendr\u00e1 lugar la visita guiada al yacimiento, y \u00a0un breve tentempi\u00e9 que correr\u00e1 por cuenta de los asistentes, dentro de las posibilidades de cada uno.<\/h2>\n<h2>PARA M\u00c1S INFORMACI\u00d3N, CONTACTAR CON:<\/h2>\n<h2>Proyecto Mecenas y Asociaci\u00f3n Amigos del Museo Nacional de Arte Romano.<\/h2>\n<!-- AddThis Advanced Settings generic via filter on the_content --><!-- AddThis Share Buttons generic via filter on the_content -->","protected":false},"excerpt":{"rendered":"<p>Al igual que el pasado a\u00f1o, y animados por la buena acogida, los Amigos del Museo Nacional de Arte Romano de M\u00e9rida y los socios del Programa Mecenas se embarcan en una nueva actividad conjunta. Combinar\u00e1n una ruta senderista con visita patrimonial y la celebraci\u00f3n de una misa \u201cmoz\u00e1rabe\u201d. Como aliciente, contar\u00e1n con la participaci\u00f3n [&hellip;]<!-- AddThis Advanced Settings generic via filter on get_the_excerpt --><!-- AddThis Share Buttons generic via filter on get_the_excerpt --><\/p>\n","protected":false},"author":27,"featured_media":0,"comment_status":"open","ping_status":"closed","sticky":false,"template":"","format":"standard","meta":[],"categories":[4],"tags":[86,495,542,609,906],"_links":{"self":[{"href":"https:\/\/blogs.hoy.es\/senderosextremadura\/wp-json\/wp\/v2\/posts\/294"}],"collection":[{"href":"https:\/\/blogs.hoy.es\/senderosextremadura\/wp-json\/wp\/v2\/posts"}],"about":[{"href":"https:\/\/blogs.hoy.es\/senderosextremadura\/wp-json\/wp\/v2\/types\/post"}],"author":[{"embeddable":true,"href":"https:\/\/blogs.hoy.es\/senderosextremadura\/wp-json\/wp\/v2\/users\/27"}],"replies":[{"embeddable":true,"href":"https:\/\/blogs.hoy.es\/senderosextremadura\/wp-json\/wp\/v2\/comments?post=294"}],"version-history":[{"count":0,"href":"https:\/\/blogs.hoy.es\/senderosextremadura\/wp-json\/wp\/v2\/posts\/294\/revisions"}],"wp:attachment":[{"href":"https:\/\/blogs.hoy.es\/senderosextremadura\/wp-json\/wp\/v2\/media?parent=294"}],"wp:term":[{"taxonomy":"category","embeddable":true,"href":"https:\/\/blogs.hoy.es\/senderosextremadura\/wp-json\/wp\/v2\/categories?post=294"},{"taxonomy":"post_tag","embeddable":true,"href":"https:\/\/blogs.hoy.es\/senderosextremadura\/wp-json\/wp\/v2\/tags?post=294"}],"curies":[{"name":"wp","href":"https:\/\/api.w.org\/{rel}","templated":true}]}}