{"id":2940,"date":"2014-11-19T08:14:28","date_gmt":"2014-11-19T08:14:28","guid":{"rendered":"http:\/\/blogs.hoy.es\/senderosextremadura\/?p=2940"},"modified":"2014-11-19T08:14:28","modified_gmt":"2014-11-19T08:14:28","slug":"caminata-de-15-kiometros-por-monsaraz-y-sus-aldeas-23-de-noviembre","status":"publish","type":"post","link":"https:\/\/blogs.hoy.es\/senderosextremadura\/2014\/11\/19\/caminata-de-15-kiometros-por-monsaraz-y-sus-aldeas-23-de-noviembre\/","title":{"rendered":"Caminata con espectaculares vistas de Alqueva desde Monsaraz  (23 de noviembre)"},"content":{"rendered":"<div id=\"attachment_2942\" style=\"width: 610px\" class=\"wp-caption aligncenter\"><a href=\"https:\/\/blogs.hoy.es\/senderosextremadura\/\"><img aria-describedby=\"caption-attachment-2942\" loading=\"lazy\" class=\"size-large wp-image-2942\" title=\"\" src=\"\/senderosextremadura\/wp-content\/uploads\/sites\/22\/2014\/11\/Mirador-en-Monsaraz-hacia-el-embalse-de-Alqueva.jpg\" alt=\"\" width=\"600\" height=\"421\" srcset=\"https:\/\/static-blogs.hoy.es\/wp-content\/uploads\/sites\/22\/2014\/11\/Mirador-en-Monsaraz-hacia-el-embalse-de-Alqueva.jpg 1486w, https:\/\/static-blogs.hoy.es\/wp-content\/uploads\/sites\/22\/2014\/11\/Mirador-en-Monsaraz-hacia-el-embalse-de-Alqueva-300x211.jpg 300w, https:\/\/static-blogs.hoy.es\/wp-content\/uploads\/sites\/22\/2014\/11\/Mirador-en-Monsaraz-hacia-el-embalse-de-Alqueva-768x540.jpg 768w, https:\/\/static-blogs.hoy.es\/wp-content\/uploads\/sites\/22\/2014\/11\/Mirador-en-Monsaraz-hacia-el-embalse-de-Alqueva-600x422.jpg 600w\" sizes=\"(max-width: 600px) 100vw, 600px\" \/><\/a><p id=\"caption-attachment-2942\" class=\"wp-caption-text\">Mirador de Monsaraz, sobre Alqueva.: M.C.<\/p><\/div>\n<p>Este pr\u00f3ximo domingo 23 de noviembre, el <a href=\"www.clubcaminantebadajoz.es\" target=\"_blank\"><strong>Club del Caminante de Badajoz<\/strong><\/a> afronta su \u00faltima ruta exterior del calendario de 2014. Lo har\u00e1n con una marca portuguesa cargada de historia. Se desplazan hasta la localidad de <strong>Monsaraz y sus aldeas<\/strong> pr\u00f3ximas. La zona\u00a0 conserva en sus campos importantes monumentos prehist\u00f3ricos, llenos de<strong> menhires y\u00a0 d\u00f3lmenes<\/strong>.<\/p>\n<p><!--more--><\/p>\n<p>Los caminantes disfrutar\u00e1n adem\u00e1s de e la arquitectura tradicional lusa, recorriendo al final del trayecto las calles de Monsaraz, con\u00a0 sus iglesias, ermitas y castillos. Este pueblo alentejano est\u00e1 enclavado en lo alto de una colina privilegiada sobre el Gran Lago de Alqueva. Su localizaci\u00f3n ha servido para denominarlo &#8220;nido de las \u00e1guilas&#8221;. El recorrido de esta ruta alentejana es de 15 kil\u00f3metros y dificultad baja.<\/p>\n<p>La salida desde Badajoz est\u00e1 prevista a las 8 de la ma\u00f1ana, en el Ancla de Santa Marina.<\/p>\n<p>Puedes encontrar m\u00e1s informaci\u00f3n de esta y otras rutas enla <a href=\"www.clubcaminantebadajoz.es\" target=\"_blank\"><strong>web del club<\/strong><\/a> o en el tel\u00e9fono 924 22 32 28 (martes y jueves por la tarde), as\u00ed como en el mail ccaminantebadajoz@gmail.com.<\/p>\n<!-- AddThis Advanced Settings generic via filter on the_content --><!-- AddThis Share Buttons generic via filter on the_content -->","protected":false},"excerpt":{"rendered":"<p>Este pr\u00f3ximo domingo 23 de noviembre, el Club del Caminante de Badajoz afronta su \u00faltima ruta exterior del calendario de 2014. Lo har\u00e1n con una marca portuguesa cargada de historia. Se desplazan hasta la localidad de Monsaraz y sus aldeas pr\u00f3ximas. La zona\u00a0 conserva en sus campos importantes monumentos prehist\u00f3ricos, llenos de menhires y\u00a0 d\u00f3lmenes.<!-- AddThis Advanced Settings generic via filter on get_the_excerpt --><!-- AddThis Share Buttons generic via filter on get_the_excerpt --><\/p>\n","protected":false},"author":27,"featured_media":0,"comment_status":"open","ping_status":"closed","sticky":false,"template":"","format":"standard","meta":[],"categories":[4],"tags":[46,519,827,906,950,1035],"_links":{"self":[{"href":"https:\/\/blogs.hoy.es\/senderosextremadura\/wp-json\/wp\/v2\/posts\/2940"}],"collection":[{"href":"https:\/\/blogs.hoy.es\/senderosextremadura\/wp-json\/wp\/v2\/posts"}],"about":[{"href":"https:\/\/blogs.hoy.es\/senderosextremadura\/wp-json\/wp\/v2\/types\/post"}],"author":[{"embeddable":true,"href":"https:\/\/blogs.hoy.es\/senderosextremadura\/wp-json\/wp\/v2\/users\/27"}],"replies":[{"embeddable":true,"href":"https:\/\/blogs.hoy.es\/senderosextremadura\/wp-json\/wp\/v2\/comments?post=2940"}],"version-history":[{"count":0,"href":"https:\/\/blogs.hoy.es\/senderosextremadura\/wp-json\/wp\/v2\/posts\/2940\/revisions"}],"wp:attachment":[{"href":"https:\/\/blogs.hoy.es\/senderosextremadura\/wp-json\/wp\/v2\/media?parent=2940"}],"wp:term":[{"taxonomy":"category","embeddable":true,"href":"https:\/\/blogs.hoy.es\/senderosextremadura\/wp-json\/wp\/v2\/categories?post=2940"},{"taxonomy":"post_tag","embeddable":true,"href":"https:\/\/blogs.hoy.es\/senderosextremadura\/wp-json\/wp\/v2\/tags?post=2940"}],"curies":[{"name":"wp","href":"https:\/\/api.w.org\/{rel}","templated":true}]}}