{"id":2943,"date":"2014-11-19T09:41:53","date_gmt":"2014-11-19T09:41:53","guid":{"rendered":"http:\/\/blogs.hoy.es\/senderosextremadura\/?p=2943"},"modified":"2014-11-19T09:41:53","modified_gmt":"2014-11-19T09:41:53","slug":"por-el-valle-de-las-batuecas-en-la-frontera-de-castilla-leon-con-tierras-extremenas-30-de-noviembre","status":"publish","type":"post","link":"https:\/\/blogs.hoy.es\/senderosextremadura\/2014\/11\/19\/por-el-valle-de-las-batuecas-en-la-frontera-de-castilla-leon-con-tierras-extremenas-30-de-noviembre\/","title":{"rendered":"Por Las Batuecas, en la frontera de Castilla Le\u00f3n con tierras extreme\u00f1as (30 de noviembre)"},"content":{"rendered":"<div id=\"attachment_2945\" style=\"width: 446px\" class=\"wp-caption alignright\"><a href=\"https:\/\/blogs.hoy.es\/senderosextremadura\/\"><img aria-describedby=\"caption-attachment-2945\" loading=\"lazy\" class=\" wp-image-2945\" title=\"\" src=\"\/senderosextremadura\/wp-content\/uploads\/sites\/22\/2014\/11\/batuecas.jpg\" alt=\"\" width=\"436\" height=\"606\" srcset=\"https:\/\/static-blogs.hoy.es\/wp-content\/uploads\/sites\/22\/2014\/11\/batuecas.jpg 646w, https:\/\/static-blogs.hoy.es\/wp-content\/uploads\/sites\/22\/2014\/11\/batuecas-215x300.jpg 215w, https:\/\/static-blogs.hoy.es\/wp-content\/uploads\/sites\/22\/2014\/11\/batuecas-600x836.jpg 600w\" sizes=\"(max-width: 436px) 100vw, 436px\" \/><\/a><p id=\"caption-attachment-2945\" class=\"wp-caption-text\">Recorrido senderista por Las Batuecas.\/ HOY<\/p><\/div>\n<p>El <a href=\"http:\/\/www.clubgr100.com\/periodico\/boletin\/ruta_senderismo_valle_de_las_batuercas-187.html\" target=\"_blank\" rel=\"external nofollow\"><strong>grupo extreme\u00f1o GR 100<\/strong><\/a> prepara una ruta por el espectacular valle de Las Batuecas, en la provincia de salamanca. La marcha, de 15 kil\u00f3metros, tendr\u00e1 lugar el pr\u00f3ximo 3o de noviembre. Los caminantes partir\u00e1n del <a href=\"https:\/\/www.flickr.com\/photos\/monasteriodelasbatuecas\/\" rel=\"external nofollow\">monasterio del Santo Desierto de San Jos\u00e9 de las Batuercas<\/a> para subir luego hacia la <strong>vertiente del Cid<\/strong>, justo en la frontera de Castilla Le\u00f3n con tierras extreme\u00f1as,\u00a0 para descender a continuaci\u00f3n hacia el Cabezo y tomar la <strong>Ruta de Alfonso XIII<\/strong>.<\/p>\n<p>Este tramo llevar\u00e1 a los caminantes\u00a0 hacia la <strong>alquer\u00eda hurdana de Las Mestas<\/strong>,\u00a0 para finalizar de nuevo en el monasterio.<\/p>\n<p>Si quieres inscribirte <a href=\"http:\/\/www.reunalia.com\/4221380\" target=\"_blank\" rel=\"external nofollow\"><strong>pincha en este enlace.<\/strong> <\/a><\/p>\n<!-- AddThis Advanced Settings generic via filter on the_content --><!-- AddThis Share Buttons generic via filter on the_content -->","protected":false},"excerpt":{"rendered":"<p>El grupo extreme\u00f1o GR 100 prepara una ruta por el espectacular valle de Las Batuecas, en la provincia de salamanca. La marcha, de 15 kil\u00f3metros, tendr\u00e1 lugar el pr\u00f3ximo 3o de noviembre. Los caminantes partir\u00e1n del monasterio del Santo Desierto de San Jos\u00e9 de las Batuercas para subir luego hacia la vertiente del Cid, justo [&hellip;]<!-- AddThis Advanced Settings generic via filter on get_the_excerpt --><!-- AddThis Share Buttons generic via filter on get_the_excerpt --><\/p>\n","protected":false},"author":27,"featured_media":0,"comment_status":"open","ping_status":"closed","sticky":false,"template":"","format":"standard","meta":[],"categories":[4],"tags":[357,776,906,1035],"_links":{"self":[{"href":"https:\/\/blogs.hoy.es\/senderosextremadura\/wp-json\/wp\/v2\/posts\/2943"}],"collection":[{"href":"https:\/\/blogs.hoy.es\/senderosextremadura\/wp-json\/wp\/v2\/posts"}],"about":[{"href":"https:\/\/blogs.hoy.es\/senderosextremadura\/wp-json\/wp\/v2\/types\/post"}],"author":[{"embeddable":true,"href":"https:\/\/blogs.hoy.es\/senderosextremadura\/wp-json\/wp\/v2\/users\/27"}],"replies":[{"embeddable":true,"href":"https:\/\/blogs.hoy.es\/senderosextremadura\/wp-json\/wp\/v2\/comments?post=2943"}],"version-history":[{"count":0,"href":"https:\/\/blogs.hoy.es\/senderosextremadura\/wp-json\/wp\/v2\/posts\/2943\/revisions"}],"wp:attachment":[{"href":"https:\/\/blogs.hoy.es\/senderosextremadura\/wp-json\/wp\/v2\/media?parent=2943"}],"wp:term":[{"taxonomy":"category","embeddable":true,"href":"https:\/\/blogs.hoy.es\/senderosextremadura\/wp-json\/wp\/v2\/categories?post=2943"},{"taxonomy":"post_tag","embeddable":true,"href":"https:\/\/blogs.hoy.es\/senderosextremadura\/wp-json\/wp\/v2\/tags?post=2943"}],"curies":[{"name":"wp","href":"https:\/\/api.w.org\/{rel}","templated":true}]}}