{"id":2946,"date":"2014-11-19T10:03:00","date_gmt":"2014-11-19T10:03:00","guid":{"rendered":"http:\/\/blogs.hoy.es\/senderosextremadura\/?p=2946"},"modified":"2014-11-19T10:03:00","modified_gmt":"2014-11-19T10:03:00","slug":"2946","status":"publish","type":"post","link":"https:\/\/blogs.hoy.es\/senderosextremadura\/2014\/11\/19\/2946\/","title":{"rendered":"Ruta solidaria contra el c\u00e1ncer en Valdefuentes (22 de noviembre)"},"content":{"rendered":"<p><a href=\"https:\/\/blogs.hoy.es\/senderosextremadura\/\"><img loading=\"lazy\" class=\"aligncenter size-large wp-image-2947\" title=\"\" src=\"\/senderosextremadura\/wp-content\/uploads\/sites\/22\/2014\/11\/ruta-montanchez_n.jpg\" alt=\"\" width=\"600\" height=\"423\" srcset=\"https:\/\/static-blogs.hoy.es\/wp-content\/uploads\/sites\/22\/2014\/11\/ruta-montanchez_n.jpg 960w, https:\/\/static-blogs.hoy.es\/wp-content\/uploads\/sites\/22\/2014\/11\/ruta-montanchez_n-300x212.jpg 300w, https:\/\/static-blogs.hoy.es\/wp-content\/uploads\/sites\/22\/2014\/11\/ruta-montanchez_n-768x542.jpg 768w, https:\/\/static-blogs.hoy.es\/wp-content\/uploads\/sites\/22\/2014\/11\/ruta-montanchez_n-600x424.jpg 600w\" sizes=\"(max-width: 600px) 100vw, 600px\" \/><\/a><\/p>\n<p>La <strong>Mancomunidad Sierra de Mont\u00e1nchez<\/strong> ha organizado este s\u00e1bado 22 de noviembre una <strong>ruta solidaria<\/strong>. Tendr\u00e1 lugar en la localidad cacere\u00f1a de <a href=\"http:\/\/www.valdefuentes.es\/index.php\/mod.pags\/mem.detalle\/idpag.11\/idmenu.1025\/chk.3de765a16c500b7abdec8c31e394e320.html\" target=\"_blank\" rel=\"external nofollow\"><strong>Valdefuentes<\/strong><\/a>, capital extreme\u00f1a del esgrafiado. En la marcha colaboran el Ayuntamiento y la asociaci\u00f3n de amas de casa de la localidad.\u00a0 El objetivo es recaudar fondos para la lucha contra el c\u00e1ncer. El dinero reunido ir\u00e1 destinado a la <strong>Asociaci\u00f3n Oncol\u00f3gica Extreme\u00f1a<\/strong> (AOEX). Ser\u00e1 un recorrido de ocho kil\u00f3metros y dificultad baja. La ruta se inicia a las 10 horas en la plaza de Espa\u00f1a. La inscripci\u00f3n cuesta dos euros.<\/p>\n<!-- AddThis Advanced Settings generic via filter on the_content --><!-- AddThis Share Buttons generic via filter on the_content -->","protected":false},"excerpt":{"rendered":"<p>La Mancomunidad Sierra de Mont\u00e1nchez ha organizado este s\u00e1bado 22 de noviembre una ruta solidaria. Tendr\u00e1 lugar en la localidad cacere\u00f1a de Valdefuentes, capital extreme\u00f1a del esgrafiado. En la marcha colaboran el Ayuntamiento y la asociaci\u00f3n de amas de casa de la localidad.\u00a0 El objetivo es recaudar fondos para la lucha contra el c\u00e1ncer. El [&hellip;]<!-- AddThis Advanced Settings generic via filter on get_the_excerpt --><!-- AddThis Share Buttons generic via filter on get_the_excerpt --><\/p>\n","protected":false},"author":27,"featured_media":0,"comment_status":"open","ping_status":"closed","sticky":false,"template":"","format":"standard","meta":[],"categories":[4],"tags":[522,821,836,1050],"_links":{"self":[{"href":"https:\/\/blogs.hoy.es\/senderosextremadura\/wp-json\/wp\/v2\/posts\/2946"}],"collection":[{"href":"https:\/\/blogs.hoy.es\/senderosextremadura\/wp-json\/wp\/v2\/posts"}],"about":[{"href":"https:\/\/blogs.hoy.es\/senderosextremadura\/wp-json\/wp\/v2\/types\/post"}],"author":[{"embeddable":true,"href":"https:\/\/blogs.hoy.es\/senderosextremadura\/wp-json\/wp\/v2\/users\/27"}],"replies":[{"embeddable":true,"href":"https:\/\/blogs.hoy.es\/senderosextremadura\/wp-json\/wp\/v2\/comments?post=2946"}],"version-history":[{"count":0,"href":"https:\/\/blogs.hoy.es\/senderosextremadura\/wp-json\/wp\/v2\/posts\/2946\/revisions"}],"wp:attachment":[{"href":"https:\/\/blogs.hoy.es\/senderosextremadura\/wp-json\/wp\/v2\/media?parent=2946"}],"wp:term":[{"taxonomy":"category","embeddable":true,"href":"https:\/\/blogs.hoy.es\/senderosextremadura\/wp-json\/wp\/v2\/categories?post=2946"},{"taxonomy":"post_tag","embeddable":true,"href":"https:\/\/blogs.hoy.es\/senderosextremadura\/wp-json\/wp\/v2\/tags?post=2946"}],"curies":[{"name":"wp","href":"https:\/\/api.w.org\/{rel}","templated":true}]}}